{"id":64669,"date":"2019-11-27T10:47:50","date_gmt":"2019-11-27T13:47:50","guid":{"rendered":"https:\/\/eldiariodesanpedro.com.ar\/sitio\/?p=64669"},"modified":"2019-11-27T10:47:53","modified_gmt":"2019-11-27T13:47:53","slug":"waldemar-le-aflojaron-el-respirador-para-intentar-que-respire-solito-confirmo-su-mama","status":"publish","type":"post","link":"https:\/\/eldiariodesanpedro.com.ar\/sitio\/waldemar-le-aflojaron-el-respirador-para-intentar-que-respire-solito-confirmo-su-mama\/","title":{"rendered":"Waldemar: \u00abLe aflojaron el respirador para intentar que respire solito\u00bb, confirm\u00f3 su mam\u00e1"},"content":{"rendered":"<!-- VideographyWP Plugin Message: Automatic video embedding prevented by plugin options. -->\n\n<p>El ni\u00f1o a\u00fan espera su pronta recuperaci\u00f3n, se encuentra internado en el Sanatorio Anchorena Bs As,  desde el domingo 10 de noviembre del corriente a\u00f1o,  luego de sufrir un grave accidente. Su mam\u00e1 quien lo acompa\u00f1a desde el primer d\u00eda,  nos pide que sigamos rezando por \u00e9l.<\/p>\n\n\n\n<p>Waldemar tiene 4 a\u00f1os, un lamentable hecho cambio su vida para siempre. Hoy se encuentra en manos de Dios peleando por su vida.<\/p>\n\n\n\n<p>Maria de Los Angeles, su mam\u00e1, nos cont\u00f3 esta ma\u00f1ana como sigue su estado de salud, \u00bb le aflojaron el respirador para ver si respira solito  y sino se lo van a volver a colocar, pero todav\u00eda est\u00e1 inflamado su cerebro,  no tiene d\u00eda, ni semana, ni mes para que vuelva a su lugar pero sigo rezando para que desinflame, por eso no lo han intervenido quirurgicamente todav\u00eda, seguimos esperando\u00bb<\/p>\n\n\n\n<p>\u00abPor favor no dejen de rezar por mi hijo, tenemos un largo camino todav\u00eda\u00bb.<\/p>\n\n\n\n<p>Recordemos que Waldemar fue impactado por una motocicleta cuando se encontraba en la vereda jugando, de calle Mateo Sbert al 2300, un domingo por la tarde del 10 de noviembre.<\/p>\n\n\n\n<p>Fue trasladado de urgencia al nosocomio local por la ambulancia del SAME quien sufri\u00f3 un traumatismo de cr\u00e1neo severo siendo trasladado de urgencia a un centro de mayor complejidad.<\/p>\n\n\n\n<p>Desde ese d\u00eda el ni\u00f1o se encuentra en estado cr\u00edtico, internado en terapia intensiva. <\/p>\n","protected":false},"excerpt":{"rendered":"<p>El ni\u00f1o a\u00fan espera su pronta recuperaci\u00f3n, se encuentra internado en el Sanatorio Anchorena Bs As, desde el domingo 10 de noviembre del corriente a\u00f1o, luego de sufrir un grave accidente. Su mam\u00e1 quien lo acompa\u00f1a desde el primer d\u00eda, nos pide que sigamos rezando por \u00e9l. Waldemar tiene 4 a\u00f1os, un lamentable hecho cambio [&hellip;]<\/p>\n","protected":false},"author":4,"featured_media":64694,"comment_status":"open","ping_status":"closed","sticky":false,"template":"","format":"standard","meta":{"om_disable_all_campaigns":false,"_jetpack_memberships_contains_paid_content":false,"footnotes":""},"categories":[50,101,2],"tags":[],"class_list":["post-64669","post","type-post","status-publish","format-standard","has-post-thumbnail","hentry","category-destacadas","category-interes-general-locales","category-locales"],"aioseo_notices":[],"gutentor_comment":0,"jetpack_featured_media_url":"https:\/\/eldiariodesanpedro.com.ar\/sitio\/wp-content\/uploads\/2019\/11\/PicsArt_11-11-09.18.29-1.jpg","jetpack_shortlink":"https:\/\/wp.me\/p6RhLt-gP3","jetpack_sharing_enabled":true,"_links":{"self":[{"href":"https:\/\/eldiariodesanpedro.com.ar\/sitio\/wp-json\/wp\/v2\/posts\/64669","targetHints":{"allow":["GET"]}}],"collection":[{"href":"https:\/\/eldiariodesanpedro.com.ar\/sitio\/wp-json\/wp\/v2\/posts"}],"about":[{"href":"https:\/\/eldiariodesanpedro.com.ar\/sitio\/wp-json\/wp\/v2\/types\/post"}],"author":[{"embeddable":true,"href":"https:\/\/eldiariodesanpedro.com.ar\/sitio\/wp-json\/wp\/v2\/users\/4"}],"replies":[{"embeddable":true,"href":"https:\/\/eldiariodesanpedro.com.ar\/sitio\/wp-json\/wp\/v2\/comments?post=64669"}],"version-history":[{"count":1,"href":"https:\/\/eldiariodesanpedro.com.ar\/sitio\/wp-json\/wp\/v2\/posts\/64669\/revisions"}],"predecessor-version":[{"id":64695,"href":"https:\/\/eldiariodesanpedro.com.ar\/sitio\/wp-json\/wp\/v2\/posts\/64669\/revisions\/64695"}],"wp:featuredmedia":[{"embeddable":true,"href":"https:\/\/eldiariodesanpedro.com.ar\/sitio\/wp-json\/wp\/v2\/media\/64694"}],"wp:attachment":[{"href":"https:\/\/eldiariodesanpedro.com.ar\/sitio\/wp-json\/wp\/v2\/media?parent=64669"}],"wp:term":[{"taxonomy":"category","embeddable":true,"href":"https:\/\/eldiariodesanpedro.com.ar\/sitio\/wp-json\/wp\/v2\/categories?post=64669"},{"taxonomy":"post_tag","embeddable":true,"href":"https:\/\/eldiariodesanpedro.com.ar\/sitio\/wp-json\/wp\/v2\/tags?post=64669"}],"curies":[{"name":"wp","href":"https:\/\/api.w.org\/{rel}","templated":true}]}}