{"id":64668,"date":"2019-11-27T10:06:46","date_gmt":"2019-11-27T13:06:46","guid":{"rendered":"https:\/\/eldiariodesanpedro.com.ar\/sitio\/?p=64668"},"modified":"2019-11-27T10:06:53","modified_gmt":"2019-11-27T13:06:53","slug":"cecilio-salazar-estuvo-en-un-encuentro-con-intendentes-de-la-segunda-seccion-en-pergamino","status":"publish","type":"post","link":"https:\/\/eldiariodesanpedro.com.ar\/sitio\/cecilio-salazar-estuvo-en-un-encuentro-con-intendentes-de-la-segunda-seccion-en-pergamino\/","title":{"rendered":"Cecilio Salazar estuvo en un encuentro con intendentes de la Segunda Secci\u00f3n en Pergamino"},"content":{"rendered":"<!-- VideographyWP Plugin Message: Automatic video embedding prevented by plugin options. -->\n\n<p> Casi todos los intendentes de la secci\u00f3n concurrieron al encuentro organizado el viernes por Javier Mart\u00ednez, intendente de Pergamino y se\u00f1alado por la propia Vidal como jefe de los territorios del norte bonaerense.\u00a0El convite sirvi\u00f3 para darles la bienvenida a los nuevos intendentes de la secci\u00f3n: Francisco Ratto, de San Antonio de Areco; Javier Iguacel, de Capital Sarmiento, y Gustavo Perie, de Ramallo. <\/p>\n\n\n\n<p>\u201cEstamos en una nueva etapa con m\u00e1s y mejores intendencias en la secci\u00f3n; pero ahora seremos oposici\u00f3n en Provincia y Naci\u00f3n y tenemos la obligaci\u00f3n de ser una coalici\u00f3n responsable. Para ello necesitamos fortalecer nuestra identidad y trabajar dentro de Juntos por el Cambio con una fuerte convicci\u00f3n de unidad y crecimiento regional\u201d, dijo en anfitri\u00f3n.<\/p>\n\n\n\n<p>Tres datos llamaron la atenci\u00f3n: el primero fue la presencia del intendente de San Pedro, Cecilio Salazar, del partido FE, que hace dos semanas protest\u00f3 por el \u201cninguneo\u201d de parte de las autoridades de Cambiemos. Esa situaci\u00f3n parece subsanada: tanto Mar\u00eda Eugenia Vidal como Daniel Salvador nombraron especialmente al espacio que fund\u00f3 el \u201cMomo\u201d Venegas durante la \u00faltima cumbre de intendentes.<\/p>\n\n\n\n<p>Pero, adem\u00e1s, la gobernadora comprometi\u00f3 una reuni\u00f3n \u201cmano a mano\u201d con el intendente. Se concretar\u00eda en los pr\u00f3ximos d\u00edas.<\/p>\n\n\n\n<p>El segundo dato tiene que ver con la ausencia del intendente de San Nicol\u00e1s, Manuel Passaglia, que adujo problemas de agenda. Si Manuel no pod\u00eda, bien podr\u00eda haber participado su hermano Santiago, diputado provincial, o incluso Ismael, el patriarca, funcionario del Gobierno bonaerense. Pero ninguno acudi\u00f3.<\/p>\n\n\n\n<p>Para que no cundieran hip\u00f3tesis extra\u00f1as, Manuel curs\u00f3 un llamado telef\u00f3nico a Pergamino dando sus excusas y proponiendo a su distrito como pr\u00f3xima sede de la cumbre segundera.<\/p>\n\n\n\n<p>El tercer dato fue el alineamiento total respecto de Mar\u00eda Eugenia Vidal, que pelea por el liderazgo de la alianza oficialista de cara a 2012 y a 2023. En el comunicado de prensa se consign\u00f3 que \u201cel Frente liderado por Mar\u00eda Eugenia Vidal renov\u00f3 intendencias como San Nicol\u00e1s con Manuel Passaglia, San Pedro con Cecilio Salazar, Pergamino con Javier Mart\u00ednez, Arrecifes con Javier Olaeta, Rojas con Claudio Rossi y ahora se suma Ramallo, San Antonio de Areco y Capit\u00e1n Sarmiento\u201d.<\/p>\n\n\n\n<p>Sobre Mauricio Macri, el presidente saliente, no hubo menciones, al menos en la comunicaci\u00f3n oficial. Tampoco para ning\u00fan otro dirigente del espacio. S\u00edntoma de que el vidalismo goza de buena salud.<\/p>\n\n\n\n<p>Fuente: <a href=\"http:\/\/colonbuenosaires.com.ar\">Col\u00f3n Buenos Aires <\/a><\/p>\n","protected":false},"excerpt":{"rendered":"<p>Casi todos los intendentes de la secci\u00f3n concurrieron al encuentro organizado el viernes por Javier Mart\u00ednez, intendente de Pergamino y se\u00f1alado por la propia Vidal como jefe de los territorios del norte bonaerense.\u00a0El convite sirvi\u00f3 para darles la bienvenida a los nuevos intendentes de la secci\u00f3n: Francisco Ratto, de San Antonio de Areco; Javier Iguacel, [&hellip;]<\/p>\n","protected":false},"author":4,"featured_media":64670,"comment_status":"open","ping_status":"closed","sticky":false,"template":"","format":"standard","meta":{"om_disable_all_campaigns":false,"_jetpack_memberships_contains_paid_content":false,"footnotes":""},"categories":[2,102],"tags":[],"class_list":["post-64668","post","type-post","status-publish","format-standard","has-post-thumbnail","hentry","category-locales","category-politica-locales"],"aioseo_notices":[],"gutentor_comment":0,"jetpack_featured_media_url":"https:\/\/eldiariodesanpedro.com.ar\/sitio\/wp-content\/uploads\/2019\/11\/encuentro.jpeg","jetpack_shortlink":"https:\/\/wp.me\/p6RhLt-gP2","jetpack_sharing_enabled":true,"_links":{"self":[{"href":"https:\/\/eldiariodesanpedro.com.ar\/sitio\/wp-json\/wp\/v2\/posts\/64668","targetHints":{"allow":["GET"]}}],"collection":[{"href":"https:\/\/eldiariodesanpedro.com.ar\/sitio\/wp-json\/wp\/v2\/posts"}],"about":[{"href":"https:\/\/eldiariodesanpedro.com.ar\/sitio\/wp-json\/wp\/v2\/types\/post"}],"author":[{"embeddable":true,"href":"https:\/\/eldiariodesanpedro.com.ar\/sitio\/wp-json\/wp\/v2\/users\/4"}],"replies":[{"embeddable":true,"href":"https:\/\/eldiariodesanpedro.com.ar\/sitio\/wp-json\/wp\/v2\/comments?post=64668"}],"version-history":[{"count":1,"href":"https:\/\/eldiariodesanpedro.com.ar\/sitio\/wp-json\/wp\/v2\/posts\/64668\/revisions"}],"predecessor-version":[{"id":64671,"href":"https:\/\/eldiariodesanpedro.com.ar\/sitio\/wp-json\/wp\/v2\/posts\/64668\/revisions\/64671"}],"wp:featuredmedia":[{"embeddable":true,"href":"https:\/\/eldiariodesanpedro.com.ar\/sitio\/wp-json\/wp\/v2\/media\/64670"}],"wp:attachment":[{"href":"https:\/\/eldiariodesanpedro.com.ar\/sitio\/wp-json\/wp\/v2\/media?parent=64668"}],"wp:term":[{"taxonomy":"category","embeddable":true,"href":"https:\/\/eldiariodesanpedro.com.ar\/sitio\/wp-json\/wp\/v2\/categories?post=64668"},{"taxonomy":"post_tag","embeddable":true,"href":"https:\/\/eldiariodesanpedro.com.ar\/sitio\/wp-json\/wp\/v2\/tags?post=64668"}],"curies":[{"name":"wp","href":"https:\/\/api.w.org\/{rel}","templated":true}]}}