{"id":64663,"date":"2019-11-27T08:56:05","date_gmt":"2019-11-27T11:56:05","guid":{"rendered":"https:\/\/eldiariodesanpedro.com.ar\/sitio\/?p=64663"},"modified":"2019-11-27T08:56:11","modified_gmt":"2019-11-27T11:56:11","slug":"se-robaron-un-jacuzzi-en-moto","status":"publish","type":"post","link":"https:\/\/eldiariodesanpedro.com.ar\/sitio\/se-robaron-un-jacuzzi-en-moto\/","title":{"rendered":"Se robaron un jacuzzi en moto"},"content":{"rendered":"<!-- VideographyWP Plugin Message: Automatic video embedding prevented by plugin options. -->\n\n<p>El hecho se produjo este fin de semana en una obra en construcci\u00f3n. Tras tareas investigativas se logr\u00f3 visualizar las autoras traslad\u00e1ndose en moto con el Jacuzzi atr\u00e1s. Se recupero el elemento sustra\u00eddo, se procedi\u00f3 a la detenci\u00f3n de las femeninas y al secuestro del rodado.<\/p>\n\n\n\n<p>Personal de Gabinete criminologico, tras numerosas tareas investigativas y an\u00e1lisis de c\u00e1maras p\u00fablicas, procedi\u00f3 a dar cumplimiento a las diligencias allanamiento en dos domicilios de las femeninas identificadas.<\/p>\n\n\n\n<p>En el operativo se procedi\u00f3  al  secuestro del jacuzzi y al de una motocicleta de la marca Guerrero, de color roja.<\/p>\n\n\n\n<p>Ademas fueron aprehendidas ambas moradoras de las dos viviendas donde resulto positivo el procedimiento resultando ser una femenina de 30 a\u00f1os de edad y otra de 21.<\/p>\n\n\n\n<p>Toma intervenci\u00f3n la Fiscal Dr Ramos.<\/p>\n\n\n\n<ul class=\"wp-block-gallery columns-3 is-cropped wp-block-gallery-1 is-layout-flex wp-block-gallery-is-layout-flex\"><li class=\"blocks-gallery-item\"><figure><img decoding=\"async\" width=\"1024\" height=\"768\" data-attachment-id=\"64660\" data-permalink=\"https:\/\/eldiariodesanpedro.com.ar\/sitio\/1_img-20191126-wa0070_watermark_mar-_26112019_213257\/\" data-orig-file=\"https:\/\/eldiariodesanpedro.com.ar\/sitio\/wp-content\/uploads\/2019\/11\/1_IMG-20191126-WA0070_watermark_mar._26112019_213257.jpg\" data-orig-size=\"1040,780\" data-comments-opened=\"1\" data-image-meta=\"{&quot;aperture&quot;:&quot;0&quot;,&quot;credit&quot;:&quot;&quot;,&quot;camera&quot;:&quot;&quot;,&quot;caption&quot;:&quot;&quot;,&quot;created_timestamp&quot;:&quot;0&quot;,&quot;copyright&quot;:&quot;&quot;,&quot;focal_length&quot;:&quot;0&quot;,&quot;iso&quot;:&quot;0&quot;,&quot;shutter_speed&quot;:&quot;0&quot;,&quot;title&quot;:&quot;&quot;,&quot;orientation&quot;:&quot;0&quot;}\" data-image-title=\"1_IMG-20191126-WA0070_watermark_mar._26112019_213257\" data-image-description=\"\" data-image-caption=\"\" data-large-file=\"https:\/\/eldiariodesanpedro.com.ar\/sitio\/wp-content\/uploads\/2019\/11\/1_IMG-20191126-WA0070_watermark_mar._26112019_213257-1024x768.jpg\" data-src=\"https:\/\/eldiariodesanpedro.com.ar\/sitio\/wp-content\/uploads\/2019\/11\/1_IMG-20191126-WA0070_watermark_mar._26112019_213257-1024x768.jpg\" alt=\"\" data-id=\"64660\" data-link=\"https:\/\/eldiariodesanpedro.com.ar\/sitio\/1_img-20191126-wa0070_watermark_mar-_26112019_213257\/\" class=\"wp-image-64660 lazyload\" data-srcset=\"https:\/\/eldiariodesanpedro.com.ar\/sitio\/wp-content\/uploads\/2019\/11\/1_IMG-20191126-WA0070_watermark_mar._26112019_213257-1024x768.jpg 1024w, https:\/\/eldiariodesanpedro.com.ar\/sitio\/wp-content\/uploads\/2019\/11\/1_IMG-20191126-WA0070_watermark_mar._26112019_213257-300x225.jpg 300w, https:\/\/eldiariodesanpedro.com.ar\/sitio\/wp-content\/uploads\/2019\/11\/1_IMG-20191126-WA0070_watermark_mar._26112019_213257-768x576.jpg 768w, https:\/\/eldiariodesanpedro.com.ar\/sitio\/wp-content\/uploads\/2019\/11\/1_IMG-20191126-WA0070_watermark_mar._26112019_213257-500x375.jpg 500w, https:\/\/eldiariodesanpedro.com.ar\/sitio\/wp-content\/uploads\/2019\/11\/1_IMG-20191126-WA0070_watermark_mar._26112019_213257.jpg 1040w\" data-sizes=\"(max-width: 1024px) 100vw, 1024px\" src=\"data:image\/svg+xml;base64,PHN2ZyB3aWR0aD0iMSIgaGVpZ2h0PSIxIiB4bWxucz0iaHR0cDovL3d3dy53My5vcmcvMjAwMC9zdmciPjwvc3ZnPg==\" style=\"--smush-placeholder-width: 1024px; --smush-placeholder-aspect-ratio: 1024\/768;\" \/><\/figure><\/li><li class=\"blocks-gallery-item\"><figure><img decoding=\"async\" width=\"1024\" height=\"768\" data-attachment-id=\"64659\" data-permalink=\"https:\/\/eldiariodesanpedro.com.ar\/sitio\/2_img-20191126-wa0069_watermark_mar-_26112019_213258\/\" data-orig-file=\"https:\/\/eldiariodesanpedro.com.ar\/sitio\/wp-content\/uploads\/2019\/11\/2_IMG-20191126-WA0069_watermark_mar._26112019_213258.jpg\" data-orig-size=\"1040,780\" data-comments-opened=\"1\" data-image-meta=\"{&quot;aperture&quot;:&quot;0&quot;,&quot;credit&quot;:&quot;&quot;,&quot;camera&quot;:&quot;&quot;,&quot;caption&quot;:&quot;&quot;,&quot;created_timestamp&quot;:&quot;0&quot;,&quot;copyright&quot;:&quot;&quot;,&quot;focal_length&quot;:&quot;0&quot;,&quot;iso&quot;:&quot;0&quot;,&quot;shutter_speed&quot;:&quot;0&quot;,&quot;title&quot;:&quot;&quot;,&quot;orientation&quot;:&quot;0&quot;}\" data-image-title=\"2_IMG-20191126-WA0069_watermark_mar._26112019_213258\" data-image-description=\"\" data-image-caption=\"\" data-large-file=\"https:\/\/eldiariodesanpedro.com.ar\/sitio\/wp-content\/uploads\/2019\/11\/2_IMG-20191126-WA0069_watermark_mar._26112019_213258-1024x768.jpg\" data-src=\"https:\/\/eldiariodesanpedro.com.ar\/sitio\/wp-content\/uploads\/2019\/11\/2_IMG-20191126-WA0069_watermark_mar._26112019_213258-1024x768.jpg\" alt=\"\" data-id=\"64659\" data-link=\"https:\/\/eldiariodesanpedro.com.ar\/sitio\/2_img-20191126-wa0069_watermark_mar-_26112019_213258\/\" class=\"wp-image-64659 lazyload\" data-srcset=\"https:\/\/eldiariodesanpedro.com.ar\/sitio\/wp-content\/uploads\/2019\/11\/2_IMG-20191126-WA0069_watermark_mar._26112019_213258-1024x768.jpg 1024w, https:\/\/eldiariodesanpedro.com.ar\/sitio\/wp-content\/uploads\/2019\/11\/2_IMG-20191126-WA0069_watermark_mar._26112019_213258-300x225.jpg 300w, https:\/\/eldiariodesanpedro.com.ar\/sitio\/wp-content\/uploads\/2019\/11\/2_IMG-20191126-WA0069_watermark_mar._26112019_213258-768x576.jpg 768w, https:\/\/eldiariodesanpedro.com.ar\/sitio\/wp-content\/uploads\/2019\/11\/2_IMG-20191126-WA0069_watermark_mar._26112019_213258-500x375.jpg 500w, https:\/\/eldiariodesanpedro.com.ar\/sitio\/wp-content\/uploads\/2019\/11\/2_IMG-20191126-WA0069_watermark_mar._26112019_213258.jpg 1040w\" data-sizes=\"(max-width: 1024px) 100vw, 1024px\" src=\"data:image\/svg+xml;base64,PHN2ZyB3aWR0aD0iMSIgaGVpZ2h0PSIxIiB4bWxucz0iaHR0cDovL3d3dy53My5vcmcvMjAwMC9zdmciPjwvc3ZnPg==\" style=\"--smush-placeholder-width: 1024px; --smush-placeholder-aspect-ratio: 1024\/768;\" \/><\/figure><\/li><li class=\"blocks-gallery-item\"><figure><img decoding=\"async\" width=\"768\" height=\"1024\" data-attachment-id=\"64658\" data-permalink=\"https:\/\/eldiariodesanpedro.com.ar\/sitio\/0_img-20191126-wa0071_watermark_mar-_26112019_213257\/\" data-orig-file=\"https:\/\/eldiariodesanpedro.com.ar\/sitio\/wp-content\/uploads\/2019\/11\/0_IMG-20191126-WA0071_watermark_mar._26112019_213257.jpg\" data-orig-size=\"960,1280\" data-comments-opened=\"1\" data-image-meta=\"{&quot;aperture&quot;:&quot;0&quot;,&quot;credit&quot;:&quot;&quot;,&quot;camera&quot;:&quot;&quot;,&quot;caption&quot;:&quot;&quot;,&quot;created_timestamp&quot;:&quot;0&quot;,&quot;copyright&quot;:&quot;&quot;,&quot;focal_length&quot;:&quot;0&quot;,&quot;iso&quot;:&quot;0&quot;,&quot;shutter_speed&quot;:&quot;0&quot;,&quot;title&quot;:&quot;&quot;,&quot;orientation&quot;:&quot;0&quot;}\" data-image-title=\"0_IMG-20191126-WA0071_watermark_mar._26112019_213257\" data-image-description=\"\" data-image-caption=\"\" data-large-file=\"https:\/\/eldiariodesanpedro.com.ar\/sitio\/wp-content\/uploads\/2019\/11\/0_IMG-20191126-WA0071_watermark_mar._26112019_213257-768x1024.jpg\" data-src=\"https:\/\/eldiariodesanpedro.com.ar\/sitio\/wp-content\/uploads\/2019\/11\/0_IMG-20191126-WA0071_watermark_mar._26112019_213257-768x1024.jpg\" alt=\"\" data-id=\"64658\" data-link=\"https:\/\/eldiariodesanpedro.com.ar\/sitio\/0_img-20191126-wa0071_watermark_mar-_26112019_213257\/\" class=\"wp-image-64658 lazyload\" data-srcset=\"https:\/\/eldiariodesanpedro.com.ar\/sitio\/wp-content\/uploads\/2019\/11\/0_IMG-20191126-WA0071_watermark_mar._26112019_213257-768x1024.jpg 768w, https:\/\/eldiariodesanpedro.com.ar\/sitio\/wp-content\/uploads\/2019\/11\/0_IMG-20191126-WA0071_watermark_mar._26112019_213257-225x300.jpg 225w, https:\/\/eldiariodesanpedro.com.ar\/sitio\/wp-content\/uploads\/2019\/11\/0_IMG-20191126-WA0071_watermark_mar._26112019_213257.jpg 960w\" data-sizes=\"(max-width: 768px) 100vw, 768px\" src=\"data:image\/svg+xml;base64,PHN2ZyB3aWR0aD0iMSIgaGVpZ2h0PSIxIiB4bWxucz0iaHR0cDovL3d3dy53My5vcmcvMjAwMC9zdmciPjwvc3ZnPg==\" style=\"--smush-placeholder-width: 768px; --smush-placeholder-aspect-ratio: 768\/1024;\" \/><\/figure><\/li><\/ul>\n","protected":false},"excerpt":{"rendered":"<p>El hecho se produjo este fin de semana en una obra en construcci\u00f3n. Tras tareas investigativas se logr\u00f3 visualizar las autoras traslad\u00e1ndose en moto con el Jacuzzi atr\u00e1s. Se recupero el elemento sustra\u00eddo, se procedi\u00f3 a la detenci\u00f3n de las femeninas y al secuestro del rodado. Personal de Gabinete criminologico, tras numerosas tareas investigativas y [&hellip;]<\/p>\n","protected":false},"author":4,"featured_media":64659,"comment_status":"open","ping_status":"closed","sticky":false,"template":"","format":"standard","meta":{"om_disable_all_campaigns":false,"_jetpack_memberships_contains_paid_content":false,"footnotes":""},"categories":[50,2,103],"tags":[],"class_list":["post-64663","post","type-post","status-publish","format-standard","has-post-thumbnail","hentry","category-destacadas","category-locales","category-policiales-locales"],"aioseo_notices":[],"gutentor_comment":0,"jetpack_featured_media_url":"https:\/\/eldiariodesanpedro.com.ar\/sitio\/wp-content\/uploads\/2019\/11\/2_IMG-20191126-WA0069_watermark_mar._26112019_213258.jpg","jetpack_shortlink":"https:\/\/wp.me\/p6RhLt-gOX","jetpack_sharing_enabled":true,"_links":{"self":[{"href":"https:\/\/eldiariodesanpedro.com.ar\/sitio\/wp-json\/wp\/v2\/posts\/64663","targetHints":{"allow":["GET"]}}],"collection":[{"href":"https:\/\/eldiariodesanpedro.com.ar\/sitio\/wp-json\/wp\/v2\/posts"}],"about":[{"href":"https:\/\/eldiariodesanpedro.com.ar\/sitio\/wp-json\/wp\/v2\/types\/post"}],"author":[{"embeddable":true,"href":"https:\/\/eldiariodesanpedro.com.ar\/sitio\/wp-json\/wp\/v2\/users\/4"}],"replies":[{"embeddable":true,"href":"https:\/\/eldiariodesanpedro.com.ar\/sitio\/wp-json\/wp\/v2\/comments?post=64663"}],"version-history":[{"count":1,"href":"https:\/\/eldiariodesanpedro.com.ar\/sitio\/wp-json\/wp\/v2\/posts\/64663\/revisions"}],"predecessor-version":[{"id":64664,"href":"https:\/\/eldiariodesanpedro.com.ar\/sitio\/wp-json\/wp\/v2\/posts\/64663\/revisions\/64664"}],"wp:featuredmedia":[{"embeddable":true,"href":"https:\/\/eldiariodesanpedro.com.ar\/sitio\/wp-json\/wp\/v2\/media\/64659"}],"wp:attachment":[{"href":"https:\/\/eldiariodesanpedro.com.ar\/sitio\/wp-json\/wp\/v2\/media?parent=64663"}],"wp:term":[{"taxonomy":"category","embeddable":true,"href":"https:\/\/eldiariodesanpedro.com.ar\/sitio\/wp-json\/wp\/v2\/categories?post=64663"},{"taxonomy":"post_tag","embeddable":true,"href":"https:\/\/eldiariodesanpedro.com.ar\/sitio\/wp-json\/wp\/v2\/tags?post=64663"}],"curies":[{"name":"wp","href":"https:\/\/api.w.org\/{rel}","templated":true}]}}