{"id":64645,"date":"2019-11-26T19:43:15","date_gmt":"2019-11-26T22:43:15","guid":{"rendered":"https:\/\/eldiariodesanpedro.com.ar\/sitio\/?p=64645"},"modified":"2019-11-26T19:43:21","modified_gmt":"2019-11-26T22:43:21","slug":"incendio-panaderia-derivaron-a-agustin-iglesias-al-instituto-del-quemado-en-bs-as","status":"publish","type":"post","link":"https:\/\/eldiariodesanpedro.com.ar\/sitio\/incendio-panaderia-derivaron-a-agustin-iglesias-al-instituto-del-quemado-en-bs-as\/","title":{"rendered":"Incendio Panader\u00eda: Derivaron a Agust\u00edn Iglesias al Instituto del Quemado en Bs As"},"content":{"rendered":"<!-- VideographyWP Plugin Message: Automatic video embedding prevented by plugin options. -->\n\n<p>\u00abTenemos una cama asegurada en el Instituto del Quemado en Bs As\u00bb, lo confirm\u00f3 a este medio primeramente el Secretario de Salud Guillermo Sancho. Pasadas las 18 y 30 horas una ambulancia sali\u00f3 desde el nosocomio local con Agust\u00edn rumbo a Baradero y desde all\u00ed en una avi\u00f3n sanitaria hasta Capital.<\/p>\n\n\n\n<ul class=\"wp-block-gallery columns-1 is-cropped wp-block-gallery-1 is-layout-flex wp-block-gallery-is-layout-flex\"><li class=\"blocks-gallery-item\"><figure><img decoding=\"async\" width=\"1024\" height=\"576\" data-attachment-id=\"64653\" data-permalink=\"https:\/\/eldiariodesanpedro.com.ar\/sitio\/0_img_20191126_181359447_watermark_mar-_26112019_190234\/\" data-orig-file=\"https:\/\/eldiariodesanpedro.com.ar\/sitio\/wp-content\/uploads\/2019\/11\/0_IMG_20191126_181359447_watermark_mar._26112019_190234.jpg\" data-orig-size=\"4160,2340\" data-comments-opened=\"1\" data-image-meta=\"{&quot;aperture&quot;:&quot;0&quot;,&quot;credit&quot;:&quot;&quot;,&quot;camera&quot;:&quot;&quot;,&quot;caption&quot;:&quot;&quot;,&quot;created_timestamp&quot;:&quot;0&quot;,&quot;copyright&quot;:&quot;&quot;,&quot;focal_length&quot;:&quot;0&quot;,&quot;iso&quot;:&quot;0&quot;,&quot;shutter_speed&quot;:&quot;0&quot;,&quot;title&quot;:&quot;&quot;,&quot;orientation&quot;:&quot;0&quot;}\" data-image-title=\"0_IMG_20191126_181359447_watermark_mar._26112019_190234\" data-image-description=\"\" data-image-caption=\"\" data-large-file=\"https:\/\/eldiariodesanpedro.com.ar\/sitio\/wp-content\/uploads\/2019\/11\/0_IMG_20191126_181359447_watermark_mar._26112019_190234-1024x576.jpg\" data-src=\"https:\/\/eldiariodesanpedro.com.ar\/sitio\/wp-content\/uploads\/2019\/11\/0_IMG_20191126_181359447_watermark_mar._26112019_190234-1024x576.jpg\" alt=\"\" data-id=\"64653\" data-link=\"https:\/\/eldiariodesanpedro.com.ar\/sitio\/0_img_20191126_181359447_watermark_mar-_26112019_190234\/\" class=\"wp-image-64653 lazyload\" data-srcset=\"https:\/\/eldiariodesanpedro.com.ar\/sitio\/wp-content\/uploads\/2019\/11\/0_IMG_20191126_181359447_watermark_mar._26112019_190234-1024x576.jpg 1024w, https:\/\/eldiariodesanpedro.com.ar\/sitio\/wp-content\/uploads\/2019\/11\/0_IMG_20191126_181359447_watermark_mar._26112019_190234-300x169.jpg 300w, https:\/\/eldiariodesanpedro.com.ar\/sitio\/wp-content\/uploads\/2019\/11\/0_IMG_20191126_181359447_watermark_mar._26112019_190234-768x432.jpg 768w, https:\/\/eldiariodesanpedro.com.ar\/sitio\/wp-content\/uploads\/2019\/11\/0_IMG_20191126_181359447_watermark_mar._26112019_190234-800x450.jpg 800w\" data-sizes=\"(max-width: 1024px) 100vw, 1024px\" src=\"data:image\/svg+xml;base64,PHN2ZyB3aWR0aD0iMSIgaGVpZ2h0PSIxIiB4bWxucz0iaHR0cDovL3d3dy53My5vcmcvMjAwMC9zdmciPjwvc3ZnPg==\" style=\"--smush-placeholder-width: 1024px; --smush-placeholder-aspect-ratio: 1024\/576;\" \/><\/figure><\/li><\/ul>\n\n\n\n<p>Esta ma\u00f1ana, Claudia, t\u00eda de los j\u00f3venes dialog\u00f3 con nuestra redacci\u00f3n muy angustiada solicitando una derivaci\u00f3n urgente,  \u00abNO pueden esperar, Agust\u00edn esta muy mal, esta complicado, tiene el 75% del cuerpo quemado, mi sobrino esta muriendo\u00bb, nos dec\u00eda y ped\u00eda a gritos ayuda.<\/p>\n\n\n\n<p>Por otro lado, dialogamos con Sancho quien nos explicaba el motivo de la tardanza del traslado, \u00abAgust\u00edn esta en emergencia sanitaria desde el primer momento, ya tenemos todo a disposici\u00f3n, desde una terapia intensiva m\u00f3vil, enfermeras\/os, todo para el traslado pero necesitamos que nos gestionen desde Naci\u00f3n un destino urgente, nos dicen que no hay camas todav\u00eda\u00bb.<\/p>\n\n\n\n<p>Por la tarde de este martes lleg\u00f3 la gran noticia de que uno de los hermanos por fin iba a ser trasladado.<\/p>\n\n\n\n<p>Claudia, nuevamente cont\u00f3 como surgi\u00f3 la inmediata derivaci\u00f3n, \u00abfue del lugar menos esperado, se hizo una conexi\u00f3n a trav\u00e9s de Germ\u00e1n Lopez, la diputada se\u00f1ora en este momento de Berni, la Dr Preto, hizo la conexi\u00f3n en el Ministerio de Salud y consiguieron el traslado sanitario  para Agust\u00edn que es el que esta m\u00e1s grave, Agust\u00edn tiene el 75 % del cuerpo quemado, pero tambi\u00e9n se espera el traslado para Diego que esta con un 50% del cuerpo afectado\u00bb<\/p>\n\n\n\n<p>\u00abAgust\u00edn esta estable, es el mejor momento para trasladarlo, no tiene fiebre, de ac\u00e1 salimos en ambulancia para la ciudad de Baradero, donde nos espera un avi\u00f3n sanitario para llegar a Capital\u00bb.<\/p>\n\n\n\n<ul class=\"wp-block-gallery columns-3 is-cropped wp-block-gallery-2 is-layout-flex wp-block-gallery-is-layout-flex\"><li class=\"blocks-gallery-item\"><figure><img decoding=\"async\" width=\"1024\" height=\"576\" data-attachment-id=\"64648\" data-permalink=\"https:\/\/eldiariodesanpedro.com.ar\/sitio\/6_img_20191126_181029150_watermark_mar-_26112019_190239\/\" data-orig-file=\"https:\/\/eldiariodesanpedro.com.ar\/sitio\/wp-content\/uploads\/2019\/11\/6_IMG_20191126_181029150_watermark_mar._26112019_190239.jpg\" data-orig-size=\"4160,2340\" data-comments-opened=\"1\" data-image-meta=\"{&quot;aperture&quot;:&quot;0&quot;,&quot;credit&quot;:&quot;&quot;,&quot;camera&quot;:&quot;&quot;,&quot;caption&quot;:&quot;&quot;,&quot;created_timestamp&quot;:&quot;0&quot;,&quot;copyright&quot;:&quot;&quot;,&quot;focal_length&quot;:&quot;0&quot;,&quot;iso&quot;:&quot;0&quot;,&quot;shutter_speed&quot;:&quot;0&quot;,&quot;title&quot;:&quot;&quot;,&quot;orientation&quot;:&quot;0&quot;}\" data-image-title=\"6_IMG_20191126_181029150_watermark_mar._26112019_190239\" data-image-description=\"\" data-image-caption=\"\" data-large-file=\"https:\/\/eldiariodesanpedro.com.ar\/sitio\/wp-content\/uploads\/2019\/11\/6_IMG_20191126_181029150_watermark_mar._26112019_190239-1024x576.jpg\" data-src=\"https:\/\/eldiariodesanpedro.com.ar\/sitio\/wp-content\/uploads\/2019\/11\/6_IMG_20191126_181029150_watermark_mar._26112019_190239-1024x576.jpg\" alt=\"\" data-id=\"64648\" data-link=\"https:\/\/eldiariodesanpedro.com.ar\/sitio\/6_img_20191126_181029150_watermark_mar-_26112019_190239\/\" class=\"wp-image-64648 lazyload\" data-srcset=\"https:\/\/eldiariodesanpedro.com.ar\/sitio\/wp-content\/uploads\/2019\/11\/6_IMG_20191126_181029150_watermark_mar._26112019_190239-1024x576.jpg 1024w, https:\/\/eldiariodesanpedro.com.ar\/sitio\/wp-content\/uploads\/2019\/11\/6_IMG_20191126_181029150_watermark_mar._26112019_190239-300x169.jpg 300w, https:\/\/eldiariodesanpedro.com.ar\/sitio\/wp-content\/uploads\/2019\/11\/6_IMG_20191126_181029150_watermark_mar._26112019_190239-768x432.jpg 768w, https:\/\/eldiariodesanpedro.com.ar\/sitio\/wp-content\/uploads\/2019\/11\/6_IMG_20191126_181029150_watermark_mar._26112019_190239-800x450.jpg 800w\" data-sizes=\"(max-width: 1024px) 100vw, 1024px\" src=\"data:image\/svg+xml;base64,PHN2ZyB3aWR0aD0iMSIgaGVpZ2h0PSIxIiB4bWxucz0iaHR0cDovL3d3dy53My5vcmcvMjAwMC9zdmciPjwvc3ZnPg==\" style=\"--smush-placeholder-width: 1024px; --smush-placeholder-aspect-ratio: 1024\/576;\" \/><\/figure><\/li><li class=\"blocks-gallery-item\"><figure><img decoding=\"async\" width=\"1024\" height=\"576\" data-attachment-id=\"64651\" data-permalink=\"https:\/\/eldiariodesanpedro.com.ar\/sitio\/7_img_20191126_181027310_watermark_mar-_26112019_190240\/\" data-orig-file=\"https:\/\/eldiariodesanpedro.com.ar\/sitio\/wp-content\/uploads\/2019\/11\/7_IMG_20191126_181027310_watermark_mar._26112019_190240.jpg\" data-orig-size=\"4160,2340\" data-comments-opened=\"1\" data-image-meta=\"{&quot;aperture&quot;:&quot;0&quot;,&quot;credit&quot;:&quot;&quot;,&quot;camera&quot;:&quot;&quot;,&quot;caption&quot;:&quot;&quot;,&quot;created_timestamp&quot;:&quot;0&quot;,&quot;copyright&quot;:&quot;&quot;,&quot;focal_length&quot;:&quot;0&quot;,&quot;iso&quot;:&quot;0&quot;,&quot;shutter_speed&quot;:&quot;0&quot;,&quot;title&quot;:&quot;&quot;,&quot;orientation&quot;:&quot;0&quot;}\" data-image-title=\"7_IMG_20191126_181027310_watermark_mar._26112019_190240\" data-image-description=\"\" data-image-caption=\"\" data-large-file=\"https:\/\/eldiariodesanpedro.com.ar\/sitio\/wp-content\/uploads\/2019\/11\/7_IMG_20191126_181027310_watermark_mar._26112019_190240-1024x576.jpg\" data-src=\"https:\/\/eldiariodesanpedro.com.ar\/sitio\/wp-content\/uploads\/2019\/11\/7_IMG_20191126_181027310_watermark_mar._26112019_190240-1024x576.jpg\" alt=\"\" data-id=\"64651\" data-link=\"https:\/\/eldiariodesanpedro.com.ar\/sitio\/7_img_20191126_181027310_watermark_mar-_26112019_190240\/\" class=\"wp-image-64651 lazyload\" data-srcset=\"https:\/\/eldiariodesanpedro.com.ar\/sitio\/wp-content\/uploads\/2019\/11\/7_IMG_20191126_181027310_watermark_mar._26112019_190240-1024x576.jpg 1024w, https:\/\/eldiariodesanpedro.com.ar\/sitio\/wp-content\/uploads\/2019\/11\/7_IMG_20191126_181027310_watermark_mar._26112019_190240-300x169.jpg 300w, https:\/\/eldiariodesanpedro.com.ar\/sitio\/wp-content\/uploads\/2019\/11\/7_IMG_20191126_181027310_watermark_mar._26112019_190240-768x432.jpg 768w, https:\/\/eldiariodesanpedro.com.ar\/sitio\/wp-content\/uploads\/2019\/11\/7_IMG_20191126_181027310_watermark_mar._26112019_190240-800x450.jpg 800w\" data-sizes=\"(max-width: 1024px) 100vw, 1024px\" src=\"data:image\/svg+xml;base64,PHN2ZyB3aWR0aD0iMSIgaGVpZ2h0PSIxIiB4bWxucz0iaHR0cDovL3d3dy53My5vcmcvMjAwMC9zdmciPjwvc3ZnPg==\" style=\"--smush-placeholder-width: 1024px; --smush-placeholder-aspect-ratio: 1024\/576;\" \/><\/figure><\/li><li class=\"blocks-gallery-item\"><figure><img decoding=\"async\" width=\"1024\" height=\"576\" data-attachment-id=\"64649\" data-permalink=\"https:\/\/eldiariodesanpedro.com.ar\/sitio\/5_img_20191126_181032347_watermark_mar-_26112019_190238\/\" data-orig-file=\"https:\/\/eldiariodesanpedro.com.ar\/sitio\/wp-content\/uploads\/2019\/11\/5_IMG_20191126_181032347_watermark_mar._26112019_190238.jpg\" data-orig-size=\"4160,2340\" data-comments-opened=\"1\" data-image-meta=\"{&quot;aperture&quot;:&quot;0&quot;,&quot;credit&quot;:&quot;&quot;,&quot;camera&quot;:&quot;&quot;,&quot;caption&quot;:&quot;&quot;,&quot;created_timestamp&quot;:&quot;0&quot;,&quot;copyright&quot;:&quot;&quot;,&quot;focal_length&quot;:&quot;0&quot;,&quot;iso&quot;:&quot;0&quot;,&quot;shutter_speed&quot;:&quot;0&quot;,&quot;title&quot;:&quot;&quot;,&quot;orientation&quot;:&quot;0&quot;}\" data-image-title=\"5_IMG_20191126_181032347_watermark_mar._26112019_190238\" data-image-description=\"\" data-image-caption=\"\" data-large-file=\"https:\/\/eldiariodesanpedro.com.ar\/sitio\/wp-content\/uploads\/2019\/11\/5_IMG_20191126_181032347_watermark_mar._26112019_190238-1024x576.jpg\" data-src=\"https:\/\/eldiariodesanpedro.com.ar\/sitio\/wp-content\/uploads\/2019\/11\/5_IMG_20191126_181032347_watermark_mar._26112019_190238-1024x576.jpg\" alt=\"\" data-id=\"64649\" data-link=\"https:\/\/eldiariodesanpedro.com.ar\/sitio\/5_img_20191126_181032347_watermark_mar-_26112019_190238\/\" class=\"wp-image-64649 lazyload\" data-srcset=\"https:\/\/eldiariodesanpedro.com.ar\/sitio\/wp-content\/uploads\/2019\/11\/5_IMG_20191126_181032347_watermark_mar._26112019_190238-1024x576.jpg 1024w, https:\/\/eldiariodesanpedro.com.ar\/sitio\/wp-content\/uploads\/2019\/11\/5_IMG_20191126_181032347_watermark_mar._26112019_190238-300x169.jpg 300w, https:\/\/eldiariodesanpedro.com.ar\/sitio\/wp-content\/uploads\/2019\/11\/5_IMG_20191126_181032347_watermark_mar._26112019_190238-768x432.jpg 768w, https:\/\/eldiariodesanpedro.com.ar\/sitio\/wp-content\/uploads\/2019\/11\/5_IMG_20191126_181032347_watermark_mar._26112019_190238-800x450.jpg 800w\" data-sizes=\"(max-width: 1024px) 100vw, 1024px\" src=\"data:image\/svg+xml;base64,PHN2ZyB3aWR0aD0iMSIgaGVpZ2h0PSIxIiB4bWxucz0iaHR0cDovL3d3dy53My5vcmcvMjAwMC9zdmciPjwvc3ZnPg==\" style=\"--smush-placeholder-width: 1024px; --smush-placeholder-aspect-ratio: 1024\/576;\" \/><\/figure><\/li><li class=\"blocks-gallery-item\"><figure><img decoding=\"async\" width=\"1024\" height=\"576\" data-attachment-id=\"64646\" data-permalink=\"https:\/\/eldiariodesanpedro.com.ar\/sitio\/4_img_20191126_181033718_watermark_mar-_26112019_190238\/\" data-orig-file=\"https:\/\/eldiariodesanpedro.com.ar\/sitio\/wp-content\/uploads\/2019\/11\/4_IMG_20191126_181033718_watermark_mar._26112019_190238.jpg\" data-orig-size=\"4160,2340\" data-comments-opened=\"1\" data-image-meta=\"{&quot;aperture&quot;:&quot;0&quot;,&quot;credit&quot;:&quot;&quot;,&quot;camera&quot;:&quot;&quot;,&quot;caption&quot;:&quot;&quot;,&quot;created_timestamp&quot;:&quot;0&quot;,&quot;copyright&quot;:&quot;&quot;,&quot;focal_length&quot;:&quot;0&quot;,&quot;iso&quot;:&quot;0&quot;,&quot;shutter_speed&quot;:&quot;0&quot;,&quot;title&quot;:&quot;&quot;,&quot;orientation&quot;:&quot;0&quot;}\" data-image-title=\"4_IMG_20191126_181033718_watermark_mar._26112019_190238\" data-image-description=\"\" data-image-caption=\"\" data-large-file=\"https:\/\/eldiariodesanpedro.com.ar\/sitio\/wp-content\/uploads\/2019\/11\/4_IMG_20191126_181033718_watermark_mar._26112019_190238-1024x576.jpg\" data-src=\"https:\/\/eldiariodesanpedro.com.ar\/sitio\/wp-content\/uploads\/2019\/11\/4_IMG_20191126_181033718_watermark_mar._26112019_190238-1024x576.jpg\" alt=\"\" data-id=\"64646\" data-link=\"https:\/\/eldiariodesanpedro.com.ar\/sitio\/4_img_20191126_181033718_watermark_mar-_26112019_190238\/\" class=\"wp-image-64646 lazyload\" data-srcset=\"https:\/\/eldiariodesanpedro.com.ar\/sitio\/wp-content\/uploads\/2019\/11\/4_IMG_20191126_181033718_watermark_mar._26112019_190238-1024x576.jpg 1024w, https:\/\/eldiariodesanpedro.com.ar\/sitio\/wp-content\/uploads\/2019\/11\/4_IMG_20191126_181033718_watermark_mar._26112019_190238-300x169.jpg 300w, https:\/\/eldiariodesanpedro.com.ar\/sitio\/wp-content\/uploads\/2019\/11\/4_IMG_20191126_181033718_watermark_mar._26112019_190238-768x432.jpg 768w, https:\/\/eldiariodesanpedro.com.ar\/sitio\/wp-content\/uploads\/2019\/11\/4_IMG_20191126_181033718_watermark_mar._26112019_190238-800x450.jpg 800w\" data-sizes=\"(max-width: 1024px) 100vw, 1024px\" src=\"data:image\/svg+xml;base64,PHN2ZyB3aWR0aD0iMSIgaGVpZ2h0PSIxIiB4bWxucz0iaHR0cDovL3d3dy53My5vcmcvMjAwMC9zdmciPjwvc3ZnPg==\" style=\"--smush-placeholder-width: 1024px; --smush-placeholder-aspect-ratio: 1024\/576;\" \/><\/figure><\/li><li class=\"blocks-gallery-item\"><figure><img decoding=\"async\" width=\"1024\" height=\"576\" data-attachment-id=\"64647\" data-permalink=\"https:\/\/eldiariodesanpedro.com.ar\/sitio\/3_img_20191126_181043100_watermark_mar-_26112019_190237\/\" data-orig-file=\"https:\/\/eldiariodesanpedro.com.ar\/sitio\/wp-content\/uploads\/2019\/11\/3_IMG_20191126_181043100_watermark_mar._26112019_190237.jpg\" data-orig-size=\"4160,2340\" data-comments-opened=\"1\" data-image-meta=\"{&quot;aperture&quot;:&quot;0&quot;,&quot;credit&quot;:&quot;&quot;,&quot;camera&quot;:&quot;&quot;,&quot;caption&quot;:&quot;&quot;,&quot;created_timestamp&quot;:&quot;0&quot;,&quot;copyright&quot;:&quot;&quot;,&quot;focal_length&quot;:&quot;0&quot;,&quot;iso&quot;:&quot;0&quot;,&quot;shutter_speed&quot;:&quot;0&quot;,&quot;title&quot;:&quot;&quot;,&quot;orientation&quot;:&quot;0&quot;}\" data-image-title=\"3_IMG_20191126_181043100_watermark_mar._26112019_190237\" data-image-description=\"\" data-image-caption=\"\" data-large-file=\"https:\/\/eldiariodesanpedro.com.ar\/sitio\/wp-content\/uploads\/2019\/11\/3_IMG_20191126_181043100_watermark_mar._26112019_190237-1024x576.jpg\" data-src=\"https:\/\/eldiariodesanpedro.com.ar\/sitio\/wp-content\/uploads\/2019\/11\/3_IMG_20191126_181043100_watermark_mar._26112019_190237-1024x576.jpg\" alt=\"\" data-id=\"64647\" data-link=\"https:\/\/eldiariodesanpedro.com.ar\/sitio\/3_img_20191126_181043100_watermark_mar-_26112019_190237\/\" class=\"wp-image-64647 lazyload\" data-srcset=\"https:\/\/eldiariodesanpedro.com.ar\/sitio\/wp-content\/uploads\/2019\/11\/3_IMG_20191126_181043100_watermark_mar._26112019_190237-1024x576.jpg 1024w, https:\/\/eldiariodesanpedro.com.ar\/sitio\/wp-content\/uploads\/2019\/11\/3_IMG_20191126_181043100_watermark_mar._26112019_190237-300x169.jpg 300w, https:\/\/eldiariodesanpedro.com.ar\/sitio\/wp-content\/uploads\/2019\/11\/3_IMG_20191126_181043100_watermark_mar._26112019_190237-768x432.jpg 768w, https:\/\/eldiariodesanpedro.com.ar\/sitio\/wp-content\/uploads\/2019\/11\/3_IMG_20191126_181043100_watermark_mar._26112019_190237-800x450.jpg 800w\" data-sizes=\"(max-width: 1024px) 100vw, 1024px\" src=\"data:image\/svg+xml;base64,PHN2ZyB3aWR0aD0iMSIgaGVpZ2h0PSIxIiB4bWxucz0iaHR0cDovL3d3dy53My5vcmcvMjAwMC9zdmciPjwvc3ZnPg==\" style=\"--smush-placeholder-width: 1024px; --smush-placeholder-aspect-ratio: 1024\/576;\" \/><\/figure><\/li><li class=\"blocks-gallery-item\"><figure><img decoding=\"async\" width=\"1024\" height=\"576\" data-attachment-id=\"64650\" data-permalink=\"https:\/\/eldiariodesanpedro.com.ar\/sitio\/8_img_20191126_174101067_hdr_watermark_mar-_26112019_190241\/\" data-orig-file=\"https:\/\/eldiariodesanpedro.com.ar\/sitio\/wp-content\/uploads\/2019\/11\/8_IMG_20191126_174101067_HDR_watermark_mar._26112019_190241.jpg\" data-orig-size=\"4160,2340\" data-comments-opened=\"1\" data-image-meta=\"{&quot;aperture&quot;:&quot;0&quot;,&quot;credit&quot;:&quot;&quot;,&quot;camera&quot;:&quot;&quot;,&quot;caption&quot;:&quot;&quot;,&quot;created_timestamp&quot;:&quot;0&quot;,&quot;copyright&quot;:&quot;&quot;,&quot;focal_length&quot;:&quot;0&quot;,&quot;iso&quot;:&quot;0&quot;,&quot;shutter_speed&quot;:&quot;0&quot;,&quot;title&quot;:&quot;&quot;,&quot;orientation&quot;:&quot;0&quot;}\" data-image-title=\"8_IMG_20191126_174101067_HDR_watermark_mar._26112019_190241\" data-image-description=\"\" data-image-caption=\"\" data-large-file=\"https:\/\/eldiariodesanpedro.com.ar\/sitio\/wp-content\/uploads\/2019\/11\/8_IMG_20191126_174101067_HDR_watermark_mar._26112019_190241-1024x576.jpg\" data-src=\"https:\/\/eldiariodesanpedro.com.ar\/sitio\/wp-content\/uploads\/2019\/11\/8_IMG_20191126_174101067_HDR_watermark_mar._26112019_190241-1024x576.jpg\" alt=\"\" data-id=\"64650\" data-link=\"https:\/\/eldiariodesanpedro.com.ar\/sitio\/8_img_20191126_174101067_hdr_watermark_mar-_26112019_190241\/\" class=\"wp-image-64650 lazyload\" data-srcset=\"https:\/\/eldiariodesanpedro.com.ar\/sitio\/wp-content\/uploads\/2019\/11\/8_IMG_20191126_174101067_HDR_watermark_mar._26112019_190241-1024x576.jpg 1024w, https:\/\/eldiariodesanpedro.com.ar\/sitio\/wp-content\/uploads\/2019\/11\/8_IMG_20191126_174101067_HDR_watermark_mar._26112019_190241-300x169.jpg 300w, https:\/\/eldiariodesanpedro.com.ar\/sitio\/wp-content\/uploads\/2019\/11\/8_IMG_20191126_174101067_HDR_watermark_mar._26112019_190241-768x432.jpg 768w, https:\/\/eldiariodesanpedro.com.ar\/sitio\/wp-content\/uploads\/2019\/11\/8_IMG_20191126_174101067_HDR_watermark_mar._26112019_190241-800x450.jpg 800w\" data-sizes=\"(max-width: 1024px) 100vw, 1024px\" src=\"data:image\/svg+xml;base64,PHN2ZyB3aWR0aD0iMSIgaGVpZ2h0PSIxIiB4bWxucz0iaHR0cDovL3d3dy53My5vcmcvMjAwMC9zdmciPjwvc3ZnPg==\" style=\"--smush-placeholder-width: 1024px; --smush-placeholder-aspect-ratio: 1024\/576;\" \/><\/figure><\/li><li class=\"blocks-gallery-item\"><figure><img decoding=\"async\" width=\"1024\" height=\"576\" data-attachment-id=\"64654\" data-permalink=\"https:\/\/eldiariodesanpedro.com.ar\/sitio\/2_img_20191126_181051588_watermark_mar-_26112019_190236\/\" data-orig-file=\"https:\/\/eldiariodesanpedro.com.ar\/sitio\/wp-content\/uploads\/2019\/11\/2_IMG_20191126_181051588_watermark_mar._26112019_190236.jpg\" data-orig-size=\"4160,2340\" data-comments-opened=\"1\" data-image-meta=\"{&quot;aperture&quot;:&quot;0&quot;,&quot;credit&quot;:&quot;&quot;,&quot;camera&quot;:&quot;&quot;,&quot;caption&quot;:&quot;&quot;,&quot;created_timestamp&quot;:&quot;0&quot;,&quot;copyright&quot;:&quot;&quot;,&quot;focal_length&quot;:&quot;0&quot;,&quot;iso&quot;:&quot;0&quot;,&quot;shutter_speed&quot;:&quot;0&quot;,&quot;title&quot;:&quot;&quot;,&quot;orientation&quot;:&quot;0&quot;}\" data-image-title=\"2_IMG_20191126_181051588_watermark_mar._26112019_190236\" data-image-description=\"\" data-image-caption=\"\" data-large-file=\"https:\/\/eldiariodesanpedro.com.ar\/sitio\/wp-content\/uploads\/2019\/11\/2_IMG_20191126_181051588_watermark_mar._26112019_190236-1024x576.jpg\" data-src=\"https:\/\/eldiariodesanpedro.com.ar\/sitio\/wp-content\/uploads\/2019\/11\/2_IMG_20191126_181051588_watermark_mar._26112019_190236-1024x576.jpg\" alt=\"\" data-id=\"64654\" data-link=\"https:\/\/eldiariodesanpedro.com.ar\/sitio\/2_img_20191126_181051588_watermark_mar-_26112019_190236\/\" class=\"wp-image-64654 lazyload\" data-srcset=\"https:\/\/eldiariodesanpedro.com.ar\/sitio\/wp-content\/uploads\/2019\/11\/2_IMG_20191126_181051588_watermark_mar._26112019_190236-1024x576.jpg 1024w, https:\/\/eldiariodesanpedro.com.ar\/sitio\/wp-content\/uploads\/2019\/11\/2_IMG_20191126_181051588_watermark_mar._26112019_190236-300x169.jpg 300w, https:\/\/eldiariodesanpedro.com.ar\/sitio\/wp-content\/uploads\/2019\/11\/2_IMG_20191126_181051588_watermark_mar._26112019_190236-768x432.jpg 768w, https:\/\/eldiariodesanpedro.com.ar\/sitio\/wp-content\/uploads\/2019\/11\/2_IMG_20191126_181051588_watermark_mar._26112019_190236-800x450.jpg 800w\" data-sizes=\"(max-width: 1024px) 100vw, 1024px\" src=\"data:image\/svg+xml;base64,PHN2ZyB3aWR0aD0iMSIgaGVpZ2h0PSIxIiB4bWxucz0iaHR0cDovL3d3dy53My5vcmcvMjAwMC9zdmciPjwvc3ZnPg==\" style=\"--smush-placeholder-width: 1024px; --smush-placeholder-aspect-ratio: 1024\/576;\" \/><\/figure><\/li><li class=\"blocks-gallery-item\"><figure><img decoding=\"async\" width=\"1024\" height=\"576\" data-attachment-id=\"64653\" data-permalink=\"https:\/\/eldiariodesanpedro.com.ar\/sitio\/0_img_20191126_181359447_watermark_mar-_26112019_190234\/\" data-orig-file=\"https:\/\/eldiariodesanpedro.com.ar\/sitio\/wp-content\/uploads\/2019\/11\/0_IMG_20191126_181359447_watermark_mar._26112019_190234.jpg\" data-orig-size=\"4160,2340\" data-comments-opened=\"1\" data-image-meta=\"{&quot;aperture&quot;:&quot;0&quot;,&quot;credit&quot;:&quot;&quot;,&quot;camera&quot;:&quot;&quot;,&quot;caption&quot;:&quot;&quot;,&quot;created_timestamp&quot;:&quot;0&quot;,&quot;copyright&quot;:&quot;&quot;,&quot;focal_length&quot;:&quot;0&quot;,&quot;iso&quot;:&quot;0&quot;,&quot;shutter_speed&quot;:&quot;0&quot;,&quot;title&quot;:&quot;&quot;,&quot;orientation&quot;:&quot;0&quot;}\" data-image-title=\"0_IMG_20191126_181359447_watermark_mar._26112019_190234\" data-image-description=\"\" data-image-caption=\"\" data-large-file=\"https:\/\/eldiariodesanpedro.com.ar\/sitio\/wp-content\/uploads\/2019\/11\/0_IMG_20191126_181359447_watermark_mar._26112019_190234-1024x576.jpg\" data-src=\"https:\/\/eldiariodesanpedro.com.ar\/sitio\/wp-content\/uploads\/2019\/11\/0_IMG_20191126_181359447_watermark_mar._26112019_190234-1024x576.jpg\" alt=\"\" data-id=\"64653\" data-link=\"https:\/\/eldiariodesanpedro.com.ar\/sitio\/0_img_20191126_181359447_watermark_mar-_26112019_190234\/\" class=\"wp-image-64653 lazyload\" data-srcset=\"https:\/\/eldiariodesanpedro.com.ar\/sitio\/wp-content\/uploads\/2019\/11\/0_IMG_20191126_181359447_watermark_mar._26112019_190234-1024x576.jpg 1024w, https:\/\/eldiariodesanpedro.com.ar\/sitio\/wp-content\/uploads\/2019\/11\/0_IMG_20191126_181359447_watermark_mar._26112019_190234-300x169.jpg 300w, https:\/\/eldiariodesanpedro.com.ar\/sitio\/wp-content\/uploads\/2019\/11\/0_IMG_20191126_181359447_watermark_mar._26112019_190234-768x432.jpg 768w, https:\/\/eldiariodesanpedro.com.ar\/sitio\/wp-content\/uploads\/2019\/11\/0_IMG_20191126_181359447_watermark_mar._26112019_190234-800x450.jpg 800w\" data-sizes=\"(max-width: 1024px) 100vw, 1024px\" src=\"data:image\/svg+xml;base64,PHN2ZyB3aWR0aD0iMSIgaGVpZ2h0PSIxIiB4bWxucz0iaHR0cDovL3d3dy53My5vcmcvMjAwMC9zdmciPjwvc3ZnPg==\" style=\"--smush-placeholder-width: 1024px; --smush-placeholder-aspect-ratio: 1024\/576;\" \/><\/figure><\/li><li class=\"blocks-gallery-item\"><figure><img decoding=\"async\" width=\"1024\" height=\"576\" data-attachment-id=\"64652\" data-permalink=\"https:\/\/eldiariodesanpedro.com.ar\/sitio\/1_img_20191126_181208872_watermark_mar-_26112019_190235\/\" data-orig-file=\"https:\/\/eldiariodesanpedro.com.ar\/sitio\/wp-content\/uploads\/2019\/11\/1_IMG_20191126_181208872_watermark_mar._26112019_190235.jpg\" data-orig-size=\"4160,2340\" data-comments-opened=\"1\" data-image-meta=\"{&quot;aperture&quot;:&quot;0&quot;,&quot;credit&quot;:&quot;&quot;,&quot;camera&quot;:&quot;&quot;,&quot;caption&quot;:&quot;&quot;,&quot;created_timestamp&quot;:&quot;0&quot;,&quot;copyright&quot;:&quot;&quot;,&quot;focal_length&quot;:&quot;0&quot;,&quot;iso&quot;:&quot;0&quot;,&quot;shutter_speed&quot;:&quot;0&quot;,&quot;title&quot;:&quot;&quot;,&quot;orientation&quot;:&quot;0&quot;}\" data-image-title=\"1_IMG_20191126_181208872_watermark_mar._26112019_190235\" data-image-description=\"\" data-image-caption=\"\" data-large-file=\"https:\/\/eldiariodesanpedro.com.ar\/sitio\/wp-content\/uploads\/2019\/11\/1_IMG_20191126_181208872_watermark_mar._26112019_190235-1024x576.jpg\" data-src=\"https:\/\/eldiariodesanpedro.com.ar\/sitio\/wp-content\/uploads\/2019\/11\/1_IMG_20191126_181208872_watermark_mar._26112019_190235-1024x576.jpg\" alt=\"\" data-id=\"64652\" data-link=\"https:\/\/eldiariodesanpedro.com.ar\/sitio\/1_img_20191126_181208872_watermark_mar-_26112019_190235\/\" class=\"wp-image-64652 lazyload\" data-srcset=\"https:\/\/eldiariodesanpedro.com.ar\/sitio\/wp-content\/uploads\/2019\/11\/1_IMG_20191126_181208872_watermark_mar._26112019_190235-1024x576.jpg 1024w, https:\/\/eldiariodesanpedro.com.ar\/sitio\/wp-content\/uploads\/2019\/11\/1_IMG_20191126_181208872_watermark_mar._26112019_190235-300x169.jpg 300w, https:\/\/eldiariodesanpedro.com.ar\/sitio\/wp-content\/uploads\/2019\/11\/1_IMG_20191126_181208872_watermark_mar._26112019_190235-768x432.jpg 768w, https:\/\/eldiariodesanpedro.com.ar\/sitio\/wp-content\/uploads\/2019\/11\/1_IMG_20191126_181208872_watermark_mar._26112019_190235-800x450.jpg 800w\" data-sizes=\"(max-width: 1024px) 100vw, 1024px\" src=\"data:image\/svg+xml;base64,PHN2ZyB3aWR0aD0iMSIgaGVpZ2h0PSIxIiB4bWxucz0iaHR0cDovL3d3dy53My5vcmcvMjAwMC9zdmciPjwvc3ZnPg==\" style=\"--smush-placeholder-width: 1024px; --smush-placeholder-aspect-ratio: 1024\/576;\" \/><\/figure><\/li><\/ul>\n\n\n\n<p>Recordemos que el grave incidente  se produjo por la ma\u00f1ana de este lunes cuando una garrafa de 45kg se prendi\u00f3 fuego en el interior de una panader\u00eda ubicada en Manuel Iglesias al 2100. <\/p>\n\n\n\n<p>Su propietario y dos empleados intentaron apagar las llamas por sus propios medios trasladando la garrafa al exterior.<\/p>\n\n\n\n<p>En ese momento fueron alcanzados por las mismas provocandoles lesiones graves en su cuerpo.<\/p>\n\n\n\n<p>Agust\u00edn Iglesias, de 20 a\u00f1os de edad, ingreso con el 75% de su cuerpo quemado, tiene gran cantidad de mon\u00f3xido de carbono en los pulmones, se encontraba en coma inducido, internado en terapia intensiva.<\/p>\n\n\n\n<p>Su hermano, Diego, ingreso con el 50% de quemaduras y quedo internado en terapia intensiva a la espera para una derivaci\u00f3n.<\/p>\n\n\n\n<figure class=\"wp-block-image\"><img decoding=\"async\" width=\"1024\" height=\"485\" data-attachment-id=\"64604\" data-permalink=\"https:\/\/eldiariodesanpedro.com.ar\/sitio\/desesperado-pedido-de-familiares-por-la-derivacion-de-los-jovenes-quemados-en-la-panaderia\/20191125_1154411-1\/\" data-orig-file=\"https:\/\/eldiariodesanpedro.com.ar\/sitio\/wp-content\/uploads\/2019\/11\/20191125_1154411-1.jpg\" data-orig-size=\"1920,910\" data-comments-opened=\"1\" data-image-meta=\"{&quot;aperture&quot;:&quot;0&quot;,&quot;credit&quot;:&quot;&quot;,&quot;camera&quot;:&quot;&quot;,&quot;caption&quot;:&quot;&quot;,&quot;created_timestamp&quot;:&quot;0&quot;,&quot;copyright&quot;:&quot;&quot;,&quot;focal_length&quot;:&quot;0&quot;,&quot;iso&quot;:&quot;0&quot;,&quot;shutter_speed&quot;:&quot;0&quot;,&quot;title&quot;:&quot;&quot;,&quot;orientation&quot;:&quot;1&quot;}\" data-image-title=\"20191125_1154411-1\" data-image-description=\"\" data-image-caption=\"\" data-large-file=\"https:\/\/eldiariodesanpedro.com.ar\/sitio\/wp-content\/uploads\/2019\/11\/20191125_1154411-1-1024x485.jpg\" data-src=\"https:\/\/eldiariodesanpedro.com.ar\/sitio\/wp-content\/uploads\/2019\/11\/20191125_1154411-1-1024x485.jpg\" alt=\"\" class=\"wp-image-64604 lazyload\" data-srcset=\"https:\/\/eldiariodesanpedro.com.ar\/sitio\/wp-content\/uploads\/2019\/11\/20191125_1154411-1-1024x485.jpg 1024w, https:\/\/eldiariodesanpedro.com.ar\/sitio\/wp-content\/uploads\/2019\/11\/20191125_1154411-1-300x142.jpg 300w, https:\/\/eldiariodesanpedro.com.ar\/sitio\/wp-content\/uploads\/2019\/11\/20191125_1154411-1-768x364.jpg 768w, https:\/\/eldiariodesanpedro.com.ar\/sitio\/wp-content\/uploads\/2019\/11\/20191125_1154411-1.jpg 1920w\" data-sizes=\"(max-width: 1024px) 100vw, 1024px\" src=\"data:image\/svg+xml;base64,PHN2ZyB3aWR0aD0iMSIgaGVpZ2h0PSIxIiB4bWxucz0iaHR0cDovL3d3dy53My5vcmcvMjAwMC9zdmciPjwvc3ZnPg==\" style=\"--smush-placeholder-width: 1024px; --smush-placeholder-aspect-ratio: 1024\/485;\" \/><\/figure>\n","protected":false},"excerpt":{"rendered":"<p>\u00abTenemos una cama asegurada en el Instituto del Quemado en Bs As\u00bb, lo confirm\u00f3 a este medio primeramente el Secretario de Salud Guillermo Sancho. Pasadas las 18 y 30 horas una ambulancia sali\u00f3 desde el nosocomio local con Agust\u00edn rumbo a Baradero y desde all\u00ed en una avi\u00f3n sanitaria hasta Capital. Esta ma\u00f1ana, Claudia, t\u00eda [&hellip;]<\/p>\n","protected":false},"author":4,"featured_media":64646,"comment_status":"open","ping_status":"closed","sticky":false,"template":"","format":"standard","meta":{"om_disable_all_campaigns":false,"_jetpack_memberships_contains_paid_content":false,"footnotes":""},"categories":[50,101,2],"tags":[],"class_list":["post-64645","post","type-post","status-publish","format-standard","has-post-thumbnail","hentry","category-destacadas","category-interes-general-locales","category-locales"],"aioseo_notices":[],"gutentor_comment":0,"jetpack_featured_media_url":"https:\/\/eldiariodesanpedro.com.ar\/sitio\/wp-content\/uploads\/2019\/11\/4_IMG_20191126_181033718_watermark_mar._26112019_190238.jpg","jetpack_shortlink":"https:\/\/wp.me\/p6RhLt-gOF","jetpack_sharing_enabled":true,"_links":{"self":[{"href":"https:\/\/eldiariodesanpedro.com.ar\/sitio\/wp-json\/wp\/v2\/posts\/64645","targetHints":{"allow":["GET"]}}],"collection":[{"href":"https:\/\/eldiariodesanpedro.com.ar\/sitio\/wp-json\/wp\/v2\/posts"}],"about":[{"href":"https:\/\/eldiariodesanpedro.com.ar\/sitio\/wp-json\/wp\/v2\/types\/post"}],"author":[{"embeddable":true,"href":"https:\/\/eldiariodesanpedro.com.ar\/sitio\/wp-json\/wp\/v2\/users\/4"}],"replies":[{"embeddable":true,"href":"https:\/\/eldiariodesanpedro.com.ar\/sitio\/wp-json\/wp\/v2\/comments?post=64645"}],"version-history":[{"count":1,"href":"https:\/\/eldiariodesanpedro.com.ar\/sitio\/wp-json\/wp\/v2\/posts\/64645\/revisions"}],"predecessor-version":[{"id":64655,"href":"https:\/\/eldiariodesanpedro.com.ar\/sitio\/wp-json\/wp\/v2\/posts\/64645\/revisions\/64655"}],"wp:featuredmedia":[{"embeddable":true,"href":"https:\/\/eldiariodesanpedro.com.ar\/sitio\/wp-json\/wp\/v2\/media\/64646"}],"wp:attachment":[{"href":"https:\/\/eldiariodesanpedro.com.ar\/sitio\/wp-json\/wp\/v2\/media?parent=64645"}],"wp:term":[{"taxonomy":"category","embeddable":true,"href":"https:\/\/eldiariodesanpedro.com.ar\/sitio\/wp-json\/wp\/v2\/categories?post=64645"},{"taxonomy":"post_tag","embeddable":true,"href":"https:\/\/eldiariodesanpedro.com.ar\/sitio\/wp-json\/wp\/v2\/tags?post=64645"}],"curies":[{"name":"wp","href":"https:\/\/api.w.org\/{rel}","templated":true}]}}