{"id":64642,"date":"2019-11-26T12:49:40","date_gmt":"2019-11-26T15:49:40","guid":{"rendered":"https:\/\/eldiariodesanpedro.com.ar\/sitio\/?p=64642"},"modified":"2019-11-26T12:50:09","modified_gmt":"2019-11-26T15:50:09","slug":"ramallo-una-chica-de-17-murio-tras-un-choque","status":"publish","type":"post","link":"https:\/\/eldiariodesanpedro.com.ar\/sitio\/ramallo-una-chica-de-17-murio-tras-un-choque\/","title":{"rendered":"RAMALLO | Una chica de 17 muri\u00f3 tras un choque"},"content":{"rendered":"<!-- VideographyWP Plugin Message: Automatic video embedding prevented by plugin options. -->\n\n<p>Una colisi\u00f3n entre dos motos en el Camino de la Costa provoc\u00f3 la muerte de una ramallense de 17 a\u00f1os que agoniz\u00f3 en las \u00faltimas horas en el Hospital San Felipe.<\/p>\n\n\n\n<p>El hecho ocurri\u00f3 el domingo en el km 3 de la mencionada v\u00eda cuando una moto Honda Storm 125 cc roja y una Honda CF de 150 cc. En el primer veh\u00edculo viajaban dos hombres de 26 y 23 a\u00f1os y el mismo tiraba un carro.<\/p>\n\n\n\n<p>El otro rodado era tripulado por un masculino de 26 acompa\u00f1ado por una femenina de 17 a\u00f1os, que circulaban en el mismo sentido y colisionaron resultando gravemente lesionada la menor.<\/p>\n\n\n\n<p>Tom\u00f3 intervenci\u00f3n la Polic\u00eda, que traslad\u00f3&nbsp; a la chica al hospital San Felipe de San Nicol\u00e1s.<\/p>\n\n\n\n<p>En la madrugada del lunes, su cuerpo no pudo m\u00e1s y falleci\u00f3 a consecuencia de las heridas que presentaba en la cabeza.<\/p>\n\n\n\n<p>Adem\u00e1s, el acompa\u00f1ante de la v\u00edctima present\u00f3 heridas menores.<\/p>\n\n\n\n<p>Fuente: Estaci\u00f3n Comunal Ramallo Segunda<\/p>\n","protected":false},"excerpt":{"rendered":"<p>Una colisi\u00f3n entre dos motos en el Camino de la Costa provoc\u00f3 la muerte de una ramallense de 17 a\u00f1os que agoniz\u00f3 en las \u00faltimas horas en el Hospital San Felipe. El hecho ocurri\u00f3 el domingo en el km 3 de la mencionada v\u00eda cuando una moto Honda Storm 125 cc roja y una Honda [&hellip;]<\/p>\n","protected":false},"author":4,"featured_media":64643,"comment_status":"open","ping_status":"closed","sticky":false,"template":"","format":"standard","meta":{"om_disable_all_campaigns":false,"_jetpack_memberships_contains_paid_content":false,"footnotes":""},"categories":[621],"tags":[],"class_list":["post-64642","post","type-post","status-publish","format-standard","has-post-thumbnail","hentry","category-regionales"],"aioseo_notices":[],"gutentor_comment":0,"jetpack_featured_media_url":"https:\/\/eldiariodesanpedro.com.ar\/sitio\/wp-content\/uploads\/2019\/11\/same-ramallo.jpeg","jetpack_shortlink":"https:\/\/wp.me\/p6RhLt-gOC","jetpack_sharing_enabled":true,"_links":{"self":[{"href":"https:\/\/eldiariodesanpedro.com.ar\/sitio\/wp-json\/wp\/v2\/posts\/64642","targetHints":{"allow":["GET"]}}],"collection":[{"href":"https:\/\/eldiariodesanpedro.com.ar\/sitio\/wp-json\/wp\/v2\/posts"}],"about":[{"href":"https:\/\/eldiariodesanpedro.com.ar\/sitio\/wp-json\/wp\/v2\/types\/post"}],"author":[{"embeddable":true,"href":"https:\/\/eldiariodesanpedro.com.ar\/sitio\/wp-json\/wp\/v2\/users\/4"}],"replies":[{"embeddable":true,"href":"https:\/\/eldiariodesanpedro.com.ar\/sitio\/wp-json\/wp\/v2\/comments?post=64642"}],"version-history":[{"count":1,"href":"https:\/\/eldiariodesanpedro.com.ar\/sitio\/wp-json\/wp\/v2\/posts\/64642\/revisions"}],"predecessor-version":[{"id":64644,"href":"https:\/\/eldiariodesanpedro.com.ar\/sitio\/wp-json\/wp\/v2\/posts\/64642\/revisions\/64644"}],"wp:featuredmedia":[{"embeddable":true,"href":"https:\/\/eldiariodesanpedro.com.ar\/sitio\/wp-json\/wp\/v2\/media\/64643"}],"wp:attachment":[{"href":"https:\/\/eldiariodesanpedro.com.ar\/sitio\/wp-json\/wp\/v2\/media?parent=64642"}],"wp:term":[{"taxonomy":"category","embeddable":true,"href":"https:\/\/eldiariodesanpedro.com.ar\/sitio\/wp-json\/wp\/v2\/categories?post=64642"},{"taxonomy":"post_tag","embeddable":true,"href":"https:\/\/eldiariodesanpedro.com.ar\/sitio\/wp-json\/wp\/v2\/tags?post=64642"}],"curies":[{"name":"wp","href":"https:\/\/api.w.org\/{rel}","templated":true}]}}