{"id":64639,"date":"2019-11-26T12:47:57","date_gmt":"2019-11-26T15:47:57","guid":{"rendered":"https:\/\/eldiariodesanpedro.com.ar\/sitio\/?p=64639"},"modified":"2019-11-26T12:48:03","modified_gmt":"2019-11-26T15:48:03","slug":"baradero-fueron-a-pedirle-agua-a-su-casa-y-le-robaron-el-celular","status":"publish","type":"post","link":"https:\/\/eldiariodesanpedro.com.ar\/sitio\/baradero-fueron-a-pedirle-agua-a-su-casa-y-le-robaron-el-celular\/","title":{"rendered":"BARADERO | Fueron a pedirle agua a su casa y le robaron el celular"},"content":{"rendered":"<!-- VideographyWP Plugin Message: Automatic video embedding prevented by plugin options. -->\n\n<p>El d\u00eda lunes 25 denuncio un masculino que encontr\u00e1ndose en su domicilio de calle Santa Mar\u00eda de Oro al 1200 se hace presente una persona de sexo femenino, solicitando un vaso de agua, all\u00ed aprovecha distracci\u00f3n, sustrayendo su tel\u00e9fono celular.<\/p>\n\n\n\n<p>Fuente: Impacto Baradero<\/p>\n","protected":false},"excerpt":{"rendered":"<p>El d\u00eda lunes 25 denuncio un masculino que encontr\u00e1ndose en su domicilio de calle Santa Mar\u00eda de Oro al 1200 se hace presente una persona de sexo femenino, solicitando un vaso de agua, all\u00ed aprovecha distracci\u00f3n, sustrayendo su tel\u00e9fono celular. Fuente: Impacto Baradero<\/p>\n","protected":false},"author":4,"featured_media":64640,"comment_status":"open","ping_status":"closed","sticky":false,"template":"","format":"standard","meta":{"om_disable_all_campaigns":false,"_jetpack_memberships_contains_paid_content":false,"footnotes":""},"categories":[621],"tags":[],"class_list":["post-64639","post","type-post","status-publish","format-standard","has-post-thumbnail","hentry","category-regionales"],"aioseo_notices":[],"gutentor_comment":0,"jetpack_featured_media_url":"https:\/\/eldiariodesanpedro.com.ar\/sitio\/wp-content\/uploads\/2019\/11\/Hijo-pide-agua-noche-cama-700x466.jpg","jetpack_shortlink":"https:\/\/wp.me\/p6RhLt-gOz","jetpack_sharing_enabled":true,"_links":{"self":[{"href":"https:\/\/eldiariodesanpedro.com.ar\/sitio\/wp-json\/wp\/v2\/posts\/64639","targetHints":{"allow":["GET"]}}],"collection":[{"href":"https:\/\/eldiariodesanpedro.com.ar\/sitio\/wp-json\/wp\/v2\/posts"}],"about":[{"href":"https:\/\/eldiariodesanpedro.com.ar\/sitio\/wp-json\/wp\/v2\/types\/post"}],"author":[{"embeddable":true,"href":"https:\/\/eldiariodesanpedro.com.ar\/sitio\/wp-json\/wp\/v2\/users\/4"}],"replies":[{"embeddable":true,"href":"https:\/\/eldiariodesanpedro.com.ar\/sitio\/wp-json\/wp\/v2\/comments?post=64639"}],"version-history":[{"count":1,"href":"https:\/\/eldiariodesanpedro.com.ar\/sitio\/wp-json\/wp\/v2\/posts\/64639\/revisions"}],"predecessor-version":[{"id":64641,"href":"https:\/\/eldiariodesanpedro.com.ar\/sitio\/wp-json\/wp\/v2\/posts\/64639\/revisions\/64641"}],"wp:featuredmedia":[{"embeddable":true,"href":"https:\/\/eldiariodesanpedro.com.ar\/sitio\/wp-json\/wp\/v2\/media\/64640"}],"wp:attachment":[{"href":"https:\/\/eldiariodesanpedro.com.ar\/sitio\/wp-json\/wp\/v2\/media?parent=64639"}],"wp:term":[{"taxonomy":"category","embeddable":true,"href":"https:\/\/eldiariodesanpedro.com.ar\/sitio\/wp-json\/wp\/v2\/categories?post=64639"},{"taxonomy":"post_tag","embeddable":true,"href":"https:\/\/eldiariodesanpedro.com.ar\/sitio\/wp-json\/wp\/v2\/tags?post=64639"}],"curies":[{"name":"wp","href":"https:\/\/api.w.org\/{rel}","templated":true}]}}