{"id":64636,"date":"2019-11-26T12:42:59","date_gmt":"2019-11-26T15:42:59","guid":{"rendered":"https:\/\/eldiariodesanpedro.com.ar\/sitio\/?p=64636"},"modified":"2019-11-26T12:43:05","modified_gmt":"2019-11-26T15:43:05","slug":"baradero-robaron-una-camioneta-toyota-hilux-de-calle-rodriguez-frente-a-plaza-mitre","status":"publish","type":"post","link":"https:\/\/eldiariodesanpedro.com.ar\/sitio\/baradero-robaron-una-camioneta-toyota-hilux-de-calle-rodriguez-frente-a-plaza-mitre\/","title":{"rendered":"BARADERO | Robaron una camioneta Toyota Hilux de calle Rodriguez frente a Plaza Mitre"},"content":{"rendered":"<!-- VideographyWP Plugin Message: Automatic video embedding prevented by plugin options. -->\n\n<p>Anoche un ciudadano de Baradero dej\u00f3 su camioneta estacionada en plaza Mitre luego de que la misma sufriera un desperfecto mec\u00e1nico, fue este Martes a buscarla y ya no estaba.<\/p>\n\n\n\n<p>Rene Ducret propietario del veh\u00edculo, dijo&nbsp;<strong>\u00bb incre\u00edble, deje la camioneta Toyota en calle Rodr\u00edguez frente al club social , no arrancaba , cuando la voy a buscar no estaba mas , no se como se la robaron, f<\/strong><strong>ui a ver las c\u00e1maras pero primero tengo que hacer la denuncia \u00ab.<\/strong><\/p>\n\n\n\n<p>Para quienes puedan brindar datos la patente de la camioneta es JPP 391 Toyota Hilux blanca.<\/p>\n\n\n\n<p>Fuente: Impacto Local <\/p>\n","protected":false},"excerpt":{"rendered":"<p>Anoche un ciudadano de Baradero dej\u00f3 su camioneta estacionada en plaza Mitre luego de que la misma sufriera un desperfecto mec\u00e1nico, fue este Martes a buscarla y ya no estaba. Rene Ducret propietario del veh\u00edculo, dijo&nbsp;\u00bb incre\u00edble, deje la camioneta Toyota en calle Rodr\u00edguez frente al club social , no arrancaba , cuando la voy [&hellip;]<\/p>\n","protected":false},"author":4,"featured_media":64637,"comment_status":"open","ping_status":"closed","sticky":false,"template":"","format":"standard","meta":{"om_disable_all_campaigns":false,"_jetpack_memberships_contains_paid_content":false,"footnotes":""},"categories":[621],"tags":[],"class_list":["post-64636","post","type-post","status-publish","format-standard","has-post-thumbnail","hentry","category-regionales"],"aioseo_notices":[],"gutentor_comment":0,"jetpack_featured_media_url":"https:\/\/eldiariodesanpedro.com.ar\/sitio\/wp-content\/uploads\/2019\/11\/8990911239.jpg","jetpack_shortlink":"https:\/\/wp.me\/p6RhLt-gOw","jetpack_sharing_enabled":true,"_links":{"self":[{"href":"https:\/\/eldiariodesanpedro.com.ar\/sitio\/wp-json\/wp\/v2\/posts\/64636","targetHints":{"allow":["GET"]}}],"collection":[{"href":"https:\/\/eldiariodesanpedro.com.ar\/sitio\/wp-json\/wp\/v2\/posts"}],"about":[{"href":"https:\/\/eldiariodesanpedro.com.ar\/sitio\/wp-json\/wp\/v2\/types\/post"}],"author":[{"embeddable":true,"href":"https:\/\/eldiariodesanpedro.com.ar\/sitio\/wp-json\/wp\/v2\/users\/4"}],"replies":[{"embeddable":true,"href":"https:\/\/eldiariodesanpedro.com.ar\/sitio\/wp-json\/wp\/v2\/comments?post=64636"}],"version-history":[{"count":1,"href":"https:\/\/eldiariodesanpedro.com.ar\/sitio\/wp-json\/wp\/v2\/posts\/64636\/revisions"}],"predecessor-version":[{"id":64638,"href":"https:\/\/eldiariodesanpedro.com.ar\/sitio\/wp-json\/wp\/v2\/posts\/64636\/revisions\/64638"}],"wp:featuredmedia":[{"embeddable":true,"href":"https:\/\/eldiariodesanpedro.com.ar\/sitio\/wp-json\/wp\/v2\/media\/64637"}],"wp:attachment":[{"href":"https:\/\/eldiariodesanpedro.com.ar\/sitio\/wp-json\/wp\/v2\/media?parent=64636"}],"wp:term":[{"taxonomy":"category","embeddable":true,"href":"https:\/\/eldiariodesanpedro.com.ar\/sitio\/wp-json\/wp\/v2\/categories?post=64636"},{"taxonomy":"post_tag","embeddable":true,"href":"https:\/\/eldiariodesanpedro.com.ar\/sitio\/wp-json\/wp\/v2\/tags?post=64636"}],"curies":[{"name":"wp","href":"https:\/\/api.w.org\/{rel}","templated":true}]}}