{"id":64633,"date":"2019-11-26T12:40:02","date_gmt":"2019-11-26T15:40:02","guid":{"rendered":"https:\/\/eldiariodesanpedro.com.ar\/sitio\/?p=64633"},"modified":"2019-11-26T12:40:06","modified_gmt":"2019-11-26T15:40:06","slug":"baradero-dejo-el-auto-estacionado-entro-a-un-local-nocturno-y-cuando-salio-el-auto-no-estaba-lo-encontro-a-la-vuelta-del-comercio","status":"publish","type":"post","link":"https:\/\/eldiariodesanpedro.com.ar\/sitio\/baradero-dejo-el-auto-estacionado-entro-a-un-local-nocturno-y-cuando-salio-el-auto-no-estaba-lo-encontro-a-la-vuelta-del-comercio\/","title":{"rendered":"BARADERO | Dej\u00f3 el auto estacionado, entr\u00f3 a un local nocturno y cuando sali\u00f3 el auto no estaba, lo encontr\u00f3 a la vuelta del comercio"},"content":{"rendered":"<!-- VideographyWP Plugin Message: Automatic video embedding prevented by plugin options. -->\n\n<p><strong><em>Lautaro Albornoz<\/em><\/strong>, nos cont\u00f3 lo sucedido el fin de semana con su veh\u00edculo en pleno centro de la ciudad en la madrugada del domingo 24.<\/p>\n\n\n\n<p>\u00bfQu\u00e9 fu\u00e9 lo que pas\u00f3?<\/p>\n\n\n\n<p><strong><em>\u00abLlegu\u00e9 3 y media, 4 de la ma\u00f1ana al Boliche Maika, estaciono cerca de la puerta de emergencia; entro y cuando salgo entre las 5, 5 y media; y el auto no estaba m\u00e1s. Entonces fui hasta Rodriguez y no estaba, en Oro tampoco y fui tambi\u00e9n hasta Bulnes, y estaba estacionado frente al Kiosco el Bunker.\u00bb<\/em><\/strong><\/p>\n\n\n\n<p>\u00bfEl auto estaba cerrado?<\/p>\n\n\n\n<p><strong><em>\u00abDej\u00e9 el auto cerrado, se llevaron 2 copias del auto, que todav\u00eda no las puede encontar\u00bb<\/em><\/strong><\/p>\n\n\n\n<p>\u00bfNo sabes si fu\u00e9 una broma o te lo quisieron llevar?<\/p>\n\n\n\n<p><strong><em>\u00abLa verdad no me contaron nada, no vi ninguna c\u00e1mara; estoy viendo si puedo conseguir ver alguna c\u00e1mara de Maika o de alg\u00fan otro lugar.\u00bb<\/em><\/strong><\/p>\n\n\n\n<p><strong><em>\u00abSi fu\u00e9 una broma, fue de muy mal gusto, porque la pas\u00e9 muy mal\u00bb<\/em><\/strong><\/p>\n\n\n\n<p>Lautaro adem\u00e1s nos cont\u00f3 que su veh\u00edculo es un volkswagen Bora gris oscuro, y nos dijo que nadie vi\u00f3 nada. Lo que m\u00e1s le llama la atenci\u00f3n que no le llevaron nada del auto, solo las 2 copias del auto.<\/p>\n\n\n\n<p>\u00bfC\u00f3mo hicieron para llevarlo sin forzar la puerta del auto?<\/p>\n\n\n\n<p><strong><em>\u00abYo sospecho de algunos que estaban cerca del auto, pero no puedo hacer nada hasta que por lo menos vea las c\u00e1maras.\u00bb<\/em><\/strong><\/p>\n\n\n\n<p>Fuente: Impacto Baradero<\/p>\n","protected":false},"excerpt":{"rendered":"<p>Lautaro Albornoz, nos cont\u00f3 lo sucedido el fin de semana con su veh\u00edculo en pleno centro de la ciudad en la madrugada del domingo 24. \u00bfQu\u00e9 fu\u00e9 lo que pas\u00f3? \u00abLlegu\u00e9 3 y media, 4 de la ma\u00f1ana al Boliche Maika, estaciono cerca de la puerta de emergencia; entro y cuando salgo entre las 5, [&hellip;]<\/p>\n","protected":false},"author":4,"featured_media":64634,"comment_status":"open","ping_status":"closed","sticky":false,"template":"","format":"standard","meta":{"om_disable_all_campaigns":false,"_jetpack_memberships_contains_paid_content":false,"footnotes":""},"categories":[621],"tags":[],"class_list":["post-64633","post","type-post","status-publish","format-standard","has-post-thumbnail","hentry","category-regionales"],"aioseo_notices":[],"gutentor_comment":0,"jetpack_featured_media_url":"https:\/\/eldiariodesanpedro.com.ar\/sitio\/wp-content\/uploads\/2019\/11\/volkswagen_bora_2006_nafta_volkswagen_bora_3570062505323746129.jpg","jetpack_shortlink":"https:\/\/wp.me\/p6RhLt-gOt","jetpack_sharing_enabled":true,"_links":{"self":[{"href":"https:\/\/eldiariodesanpedro.com.ar\/sitio\/wp-json\/wp\/v2\/posts\/64633","targetHints":{"allow":["GET"]}}],"collection":[{"href":"https:\/\/eldiariodesanpedro.com.ar\/sitio\/wp-json\/wp\/v2\/posts"}],"about":[{"href":"https:\/\/eldiariodesanpedro.com.ar\/sitio\/wp-json\/wp\/v2\/types\/post"}],"author":[{"embeddable":true,"href":"https:\/\/eldiariodesanpedro.com.ar\/sitio\/wp-json\/wp\/v2\/users\/4"}],"replies":[{"embeddable":true,"href":"https:\/\/eldiariodesanpedro.com.ar\/sitio\/wp-json\/wp\/v2\/comments?post=64633"}],"version-history":[{"count":1,"href":"https:\/\/eldiariodesanpedro.com.ar\/sitio\/wp-json\/wp\/v2\/posts\/64633\/revisions"}],"predecessor-version":[{"id":64635,"href":"https:\/\/eldiariodesanpedro.com.ar\/sitio\/wp-json\/wp\/v2\/posts\/64633\/revisions\/64635"}],"wp:featuredmedia":[{"embeddable":true,"href":"https:\/\/eldiariodesanpedro.com.ar\/sitio\/wp-json\/wp\/v2\/media\/64634"}],"wp:attachment":[{"href":"https:\/\/eldiariodesanpedro.com.ar\/sitio\/wp-json\/wp\/v2\/media?parent=64633"}],"wp:term":[{"taxonomy":"category","embeddable":true,"href":"https:\/\/eldiariodesanpedro.com.ar\/sitio\/wp-json\/wp\/v2\/categories?post=64633"},{"taxonomy":"post_tag","embeddable":true,"href":"https:\/\/eldiariodesanpedro.com.ar\/sitio\/wp-json\/wp\/v2\/tags?post=64633"}],"curies":[{"name":"wp","href":"https:\/\/api.w.org\/{rel}","templated":true}]}}