{"id":64630,"date":"2019-11-26T12:36:24","date_gmt":"2019-11-26T15:36:24","guid":{"rendered":"https:\/\/eldiariodesanpedro.com.ar\/sitio\/?p=64630"},"modified":"2019-11-26T12:36:31","modified_gmt":"2019-11-26T15:36:31","slug":"campana-vecino-murio-al-arrojarse-del-puente-del-arco","status":"publish","type":"post","link":"https:\/\/eldiariodesanpedro.com.ar\/sitio\/campana-vecino-murio-al-arrojarse-del-puente-del-arco\/","title":{"rendered":"CAMPANA | Vecino muri\u00f3 al arrojarse del puente del Arco"},"content":{"rendered":"<!-- VideographyWP Plugin Message: Automatic video embedding prevented by plugin options. -->\n\n<p> Se lanz\u00f3 desde lo alto al paso de un cami\u00f3n, muriendo en el acto. Ocurri\u00f3 sobre la mano que va a Capital, y s\u00f3lo el carril lento permaneci\u00f3 habilitado. Polic\u00eda y Bomberos Voluntarios trabajaron en el lugar. La v\u00edctima fue identificada por las autoridades.<\/p>\n\n\n\n<p>\n\nMaximiliano S\u00e1nchez, un joven vecino de 28 a\u00f1os, se quit\u00f3 la vida al arrojarse del puente del Arco, intencionalmente al momento que circulaba por el lugar un cami\u00f3n.<\/p>\n\n\n\n<p>Se estima que la v\u00edctima perdi\u00f3 la vida en el acto, al caer al pavimento del kil\u00f3metro 75, sobre la mano que va a Capital. En tanto que el conductor detuvo su marcha algunos metros m\u00e1s adelante.<\/p>\n\n\n\n<p>Hasta el lugar llegaron efectivos policiales y una unidad de rescate de Bomberos Voluntarios, pero nada pudieron hacer. El deceso de S\u00e1nchez fue constatado en el lugar, y su cuerpo, el cual qued\u00f3 a unos veinte metros de la l\u00ednea del puente, fue trasladado a la morgue judicial.<\/p>\n\n\n\n<p>El tr\u00e1nsito permaneci\u00f3 reducido a un solo carril, mientras ten\u00edan lugar las actuaciones policiales. Se desconocen los motivos que llevaron a la v\u00edctima a tomar tan dr\u00e1stica decisi\u00f3n. <\/p>\n\n\n\n<p>Fuente: Campana Noticias<\/p>\n","protected":false},"excerpt":{"rendered":"<p>Se lanz\u00f3 desde lo alto al paso de un cami\u00f3n, muriendo en el acto. Ocurri\u00f3 sobre la mano que va a Capital, y s\u00f3lo el carril lento permaneci\u00f3 habilitado. Polic\u00eda y Bomberos Voluntarios trabajaron en el lugar. La v\u00edctima fue identificada por las autoridades. Maximiliano S\u00e1nchez, un joven vecino de 28 a\u00f1os, se quit\u00f3 la [&hellip;]<\/p>\n","protected":false},"author":4,"featured_media":64631,"comment_status":"open","ping_status":"closed","sticky":false,"template":"","format":"standard","meta":{"om_disable_all_campaigns":false,"_jetpack_memberships_contains_paid_content":false,"footnotes":""},"categories":[621],"tags":[],"class_list":["post-64630","post","type-post","status-publish","format-standard","has-post-thumbnail","hentry","category-regionales"],"aioseo_notices":[],"gutentor_comment":0,"jetpack_featured_media_url":"https:\/\/eldiariodesanpedro.com.ar\/sitio\/wp-content\/uploads\/2019\/11\/20191125110625.jpg","jetpack_shortlink":"https:\/\/wp.me\/p6RhLt-gOq","jetpack_sharing_enabled":true,"_links":{"self":[{"href":"https:\/\/eldiariodesanpedro.com.ar\/sitio\/wp-json\/wp\/v2\/posts\/64630","targetHints":{"allow":["GET"]}}],"collection":[{"href":"https:\/\/eldiariodesanpedro.com.ar\/sitio\/wp-json\/wp\/v2\/posts"}],"about":[{"href":"https:\/\/eldiariodesanpedro.com.ar\/sitio\/wp-json\/wp\/v2\/types\/post"}],"author":[{"embeddable":true,"href":"https:\/\/eldiariodesanpedro.com.ar\/sitio\/wp-json\/wp\/v2\/users\/4"}],"replies":[{"embeddable":true,"href":"https:\/\/eldiariodesanpedro.com.ar\/sitio\/wp-json\/wp\/v2\/comments?post=64630"}],"version-history":[{"count":1,"href":"https:\/\/eldiariodesanpedro.com.ar\/sitio\/wp-json\/wp\/v2\/posts\/64630\/revisions"}],"predecessor-version":[{"id":64632,"href":"https:\/\/eldiariodesanpedro.com.ar\/sitio\/wp-json\/wp\/v2\/posts\/64630\/revisions\/64632"}],"wp:featuredmedia":[{"embeddable":true,"href":"https:\/\/eldiariodesanpedro.com.ar\/sitio\/wp-json\/wp\/v2\/media\/64631"}],"wp:attachment":[{"href":"https:\/\/eldiariodesanpedro.com.ar\/sitio\/wp-json\/wp\/v2\/media?parent=64630"}],"wp:term":[{"taxonomy":"category","embeddable":true,"href":"https:\/\/eldiariodesanpedro.com.ar\/sitio\/wp-json\/wp\/v2\/categories?post=64630"},{"taxonomy":"post_tag","embeddable":true,"href":"https:\/\/eldiariodesanpedro.com.ar\/sitio\/wp-json\/wp\/v2\/tags?post=64630"}],"curies":[{"name":"wp","href":"https:\/\/api.w.org\/{rel}","templated":true}]}}