{"id":6463,"date":"2016-07-29T11:38:11","date_gmt":"2016-07-29T14:38:11","guid":{"rendered":"https:\/\/eldiariodesanpedro.com.ar\/sitio\/?p=6463"},"modified":"2016-07-29T11:38:11","modified_gmt":"2016-07-29T14:38:11","slug":"el-intendente-y-funcionarios-viajaron-en-tren","status":"publish","type":"post","link":"https:\/\/eldiariodesanpedro.com.ar\/sitio\/el-intendente-y-funcionarios-viajaron-en-tren\/","title":{"rendered":"El intendente y funcionarios viajaron en tren"},"content":{"rendered":"<p><!-- VideographyWP Plugin Message: Automatic video embedding prevented by plugin options. --><br \/>\nEl mi\u00e9rcoles por la noche, el intendente Cecilio Salazar, acompa\u00f1ado de varios de los funcionarios de su gabinete, particip\u00f3 del viaje a San Nicol\u00e1s. Estuvieron presentes el secretario de Obras y Servicios P\u00fablicos, Jorge Ponzio, el director de Planeamiento, Hugo D\u00edaz, el secretario de Salud, Edgar Britos, el secretario de Legales, Ram\u00f3n Salazar, y tambi\u00e9n los concejales Paz y Pelletier, entre otros.<br \/>\nSe utiliz\u00f3 el coche que funciona como comedor. Se trata una formaci\u00f3n con vagones nuevos, que tienen todas las comodidades para los tripulantes. Lo cierto es que, si bien por el momento hay pocos horarios, tan solo uno para ir a Buenos Aires y otro para Rosario, el precio m\u00f3dico hace m\u00e1s que seductor usar este transporte para viajar a dichos centros urbanos.<br \/>\n\u00abAyer a las 20.50 puntualmente, lleg\u00f3 el tren que nos llev\u00f3 hasta San Nicol\u00e1s. Una invitaci\u00f3n que era imposible rechazar, y junto al equipo salimos. Una experiencia que nos remonta a viejos tiempos, pero con las comodidades de hoy. Nos subimos al tren y es una vivencia totalmente recomendable para toda la familia\u00bb, manifestaron desde el municipio en un comunicado.<\/p>\n","protected":false},"excerpt":{"rendered":"<p>El mi\u00e9rcoles por la noche, el intendente Cecilio Salazar, acompa\u00f1ado de varios de los funcionarios de su gabinete, particip\u00f3 del viaje a San Nicol\u00e1s. Estuvieron presentes el secretario de Obras y Servicios P\u00fablicos, Jorge Ponzio, el director de Planeamiento, Hugo D\u00edaz, el secretario de Salud, Edgar Britos, el secretario de Legales, Ram\u00f3n Salazar, y tambi\u00e9n [&hellip;]<\/p>\n","protected":false},"author":4,"featured_media":6465,"comment_status":"open","ping_status":"closed","sticky":false,"template":"","format":"standard","meta":{"om_disable_all_campaigns":false,"_jetpack_memberships_contains_paid_content":false,"footnotes":""},"categories":[50,2,102],"tags":[],"class_list":["post-6463","post","type-post","status-publish","format-standard","has-post-thumbnail","hentry","category-destacadas","category-locales","category-politica-locales"],"aioseo_notices":[],"gutentor_comment":0,"jetpack_featured_media_url":"https:\/\/eldiariodesanpedro.com.ar\/sitio\/wp-content\/uploads\/2016\/07\/PAGINA-6-10.jpg","jetpack_shortlink":"https:\/\/wp.me\/p6RhLt-1Gf","jetpack_sharing_enabled":true,"_links":{"self":[{"href":"https:\/\/eldiariodesanpedro.com.ar\/sitio\/wp-json\/wp\/v2\/posts\/6463","targetHints":{"allow":["GET"]}}],"collection":[{"href":"https:\/\/eldiariodesanpedro.com.ar\/sitio\/wp-json\/wp\/v2\/posts"}],"about":[{"href":"https:\/\/eldiariodesanpedro.com.ar\/sitio\/wp-json\/wp\/v2\/types\/post"}],"author":[{"embeddable":true,"href":"https:\/\/eldiariodesanpedro.com.ar\/sitio\/wp-json\/wp\/v2\/users\/4"}],"replies":[{"embeddable":true,"href":"https:\/\/eldiariodesanpedro.com.ar\/sitio\/wp-json\/wp\/v2\/comments?post=6463"}],"version-history":[{"count":1,"href":"https:\/\/eldiariodesanpedro.com.ar\/sitio\/wp-json\/wp\/v2\/posts\/6463\/revisions"}],"predecessor-version":[{"id":6466,"href":"https:\/\/eldiariodesanpedro.com.ar\/sitio\/wp-json\/wp\/v2\/posts\/6463\/revisions\/6466"}],"wp:featuredmedia":[{"embeddable":true,"href":"https:\/\/eldiariodesanpedro.com.ar\/sitio\/wp-json\/wp\/v2\/media\/6465"}],"wp:attachment":[{"href":"https:\/\/eldiariodesanpedro.com.ar\/sitio\/wp-json\/wp\/v2\/media?parent=6463"}],"wp:term":[{"taxonomy":"category","embeddable":true,"href":"https:\/\/eldiariodesanpedro.com.ar\/sitio\/wp-json\/wp\/v2\/categories?post=6463"},{"taxonomy":"post_tag","embeddable":true,"href":"https:\/\/eldiariodesanpedro.com.ar\/sitio\/wp-json\/wp\/v2\/tags?post=6463"}],"curies":[{"name":"wp","href":"https:\/\/api.w.org\/{rel}","templated":true}]}}