{"id":64627,"date":"2019-11-26T12:29:36","date_gmt":"2019-11-26T15:29:36","guid":{"rendered":"https:\/\/eldiariodesanpedro.com.ar\/sitio\/?p=64627"},"modified":"2019-11-26T12:29:42","modified_gmt":"2019-11-26T15:29:42","slug":"campana-alerta-por-emboscadas-a-vehiculos-utilizando-adoquines-en-ruta-6","status":"publish","type":"post","link":"https:\/\/eldiariodesanpedro.com.ar\/sitio\/campana-alerta-por-emboscadas-a-vehiculos-utilizando-adoquines-en-ruta-6\/","title":{"rendered":"CAMPANA | Alerta por emboscadas a veh\u00edculos utilizando adoquines en Ruta 6"},"content":{"rendered":"<!-- VideographyWP Plugin Message: Automatic video embedding prevented by plugin options. -->\n\n<p> El nuevo modus operandi se habr\u00eda trasladado a esta zona luego de repetirse en la Ruta 9. Los delincuentes dejar\u00edan piedras de gran porte en el asfalto para destrozar los veh\u00edculos circulantes y asaltar a sus ocupantes.<\/p>\n\n\n\n<p>\n\nEn conversaci\u00f3n con Campana Noticias, vecinos de la zona del barrio Santa Luc\u00eda expresaron su preocupaci\u00f3n respecto a la nueva modalidad de robo que se ha instalado en esta regi\u00f3n, espec\u00edficamente sobre Ruta 6, con el m\u00e1s reciente caso habiendo ocurrido alrededor de las 23 horas de la jornada del domingo.<\/p>\n\n\n\n<p>Al parecer, los malhechores dejan alevosamente adoquines en medio de la carretera, lo cual provoca la destrucci\u00f3n parcial o total del veh\u00edculo, ya sea el motor o el tren delantero de aquellos rodados que, desprevenidos, transitan por la autov\u00eda en horas de la noche. Una vez deshabilitado el autom\u00f3vil, los ladrones se abalanzan sobre \u00e9ste, amenazando a los ocupantes y sustrayendo sus posesiones.<\/p>\n\n\n\n<p>Los denunciantes destacaron a su vez la escasa presencia policial que existe de momento en el lugar, lo cual facilita el actuar de los malvivientes que practican este m\u00e9todo. Tal es as\u00ed que el \u00faltimo fin de semana, los \u00faltimos vecinos asaltados aseguraron haber sido ellos mismos los encargados de trasladar el veh\u00edculo averiado de vuelta a su vivienda, ubicada en San Cayetano.<\/p>\n\n\n\n<p>Ante estas circunstancias, las v\u00edctimas nuevamente enfatizan su malestar, ya que muchos de ellos vuelven del trabajo en esos horarios y esto podr\u00eda volverse parte de su experiencia diaria. En el mismo sentido, alertan a toda la comunidad del riesgo que implica desplazarse por esa zona, particularmente en el horario nocturno. <\/p>\n\n\n\n<p>Fuente: Campana Noticias<\/p>\n","protected":false},"excerpt":{"rendered":"<p>El nuevo modus operandi se habr\u00eda trasladado a esta zona luego de repetirse en la Ruta 9. Los delincuentes dejar\u00edan piedras de gran porte en el asfalto para destrozar los veh\u00edculos circulantes y asaltar a sus ocupantes. En conversaci\u00f3n con Campana Noticias, vecinos de la zona del barrio Santa Luc\u00eda expresaron su preocupaci\u00f3n respecto a [&hellip;]<\/p>\n","protected":false},"author":4,"featured_media":64628,"comment_status":"open","ping_status":"closed","sticky":false,"template":"","format":"standard","meta":{"om_disable_all_campaigns":false,"_jetpack_memberships_contains_paid_content":false,"footnotes":""},"categories":[621],"tags":[],"class_list":["post-64627","post","type-post","status-publish","format-standard","has-post-thumbnail","hentry","category-regionales"],"aioseo_notices":[],"gutentor_comment":0,"jetpack_featured_media_url":"https:\/\/eldiariodesanpedro.com.ar\/sitio\/wp-content\/uploads\/2019\/11\/20191125041901.jpg","jetpack_shortlink":"https:\/\/wp.me\/p6RhLt-gOn","jetpack_sharing_enabled":true,"_links":{"self":[{"href":"https:\/\/eldiariodesanpedro.com.ar\/sitio\/wp-json\/wp\/v2\/posts\/64627","targetHints":{"allow":["GET"]}}],"collection":[{"href":"https:\/\/eldiariodesanpedro.com.ar\/sitio\/wp-json\/wp\/v2\/posts"}],"about":[{"href":"https:\/\/eldiariodesanpedro.com.ar\/sitio\/wp-json\/wp\/v2\/types\/post"}],"author":[{"embeddable":true,"href":"https:\/\/eldiariodesanpedro.com.ar\/sitio\/wp-json\/wp\/v2\/users\/4"}],"replies":[{"embeddable":true,"href":"https:\/\/eldiariodesanpedro.com.ar\/sitio\/wp-json\/wp\/v2\/comments?post=64627"}],"version-history":[{"count":1,"href":"https:\/\/eldiariodesanpedro.com.ar\/sitio\/wp-json\/wp\/v2\/posts\/64627\/revisions"}],"predecessor-version":[{"id":64629,"href":"https:\/\/eldiariodesanpedro.com.ar\/sitio\/wp-json\/wp\/v2\/posts\/64627\/revisions\/64629"}],"wp:featuredmedia":[{"embeddable":true,"href":"https:\/\/eldiariodesanpedro.com.ar\/sitio\/wp-json\/wp\/v2\/media\/64628"}],"wp:attachment":[{"href":"https:\/\/eldiariodesanpedro.com.ar\/sitio\/wp-json\/wp\/v2\/media?parent=64627"}],"wp:term":[{"taxonomy":"category","embeddable":true,"href":"https:\/\/eldiariodesanpedro.com.ar\/sitio\/wp-json\/wp\/v2\/categories?post=64627"},{"taxonomy":"post_tag","embeddable":true,"href":"https:\/\/eldiariodesanpedro.com.ar\/sitio\/wp-json\/wp\/v2\/tags?post=64627"}],"curies":[{"name":"wp","href":"https:\/\/api.w.org\/{rel}","templated":true}]}}