{"id":64616,"date":"2019-11-26T09:44:08","date_gmt":"2019-11-26T12:44:08","guid":{"rendered":"https:\/\/eldiariodesanpedro.com.ar\/sitio\/?p=64616"},"modified":"2019-11-26T09:44:14","modified_gmt":"2019-11-26T12:44:14","slug":"las-oficinas-de-anses-permaneceran-cerradas-al-publico-el-proximo-miercoles","status":"publish","type":"post","link":"https:\/\/eldiariodesanpedro.com.ar\/sitio\/las-oficinas-de-anses-permaneceran-cerradas-al-publico-el-proximo-miercoles\/","title":{"rendered":"Las oficinas de ANSES permanecer\u00e1n cerradas al p\u00fablico el pr\u00f3ximo mi\u00e9rcoles"},"content":{"rendered":"<!-- VideographyWP Plugin Message: Automatic video embedding prevented by plugin options. -->\n\n<p>ANSES informa que sus delegaciones y oficinas no prestar\u00e1n servicios ni atender\u00e1n al p\u00fablico el&nbsp;<strong>mi\u00e9rcoles 27 de noviembre<\/strong>, por la celebraci\u00f3n del&nbsp;<em>D\u00eda del Trabajador Previsional Argentino<\/em>. En tanto, el jueves 28 abrir\u00e1n con total normalidad.&nbsp;<\/p>\n\n\n\n<p>Asimismo, el organismo previsional recuerda que se pueden gestionar consultas y realizar tr\u00e1mites durante las 24 horas, los 365 d\u00edas del a\u00f1o, desde su sitio web&nbsp;<a href=\"http:\/\/www.anses.gob.ar\/\" target=\"_blank\" rel=\"noreferrer noopener\">www.anses.gob.ar<\/a>.<\/p>\n\n\n\n<p>El 12 de noviembre de 2009 se promulg\u00f3 la Ley N\u00b0 26.533, que declara al 27 de noviembre como el&nbsp;<em>D\u00eda del Trabajador Previsional Argentino<\/em>, en conmemoraci\u00f3n a la creaci\u00f3n de la Secretar\u00eda de Trabajo y Previsi\u00f3n de la Naci\u00f3n en 1943.<\/p>\n","protected":false},"excerpt":{"rendered":"<p>ANSES informa que sus delegaciones y oficinas no prestar\u00e1n servicios ni atender\u00e1n al p\u00fablico el&nbsp;mi\u00e9rcoles 27 de noviembre, por la celebraci\u00f3n del&nbsp;D\u00eda del Trabajador Previsional Argentino. En tanto, el jueves 28 abrir\u00e1n con total normalidad.&nbsp; Asimismo, el organismo previsional recuerda que se pueden gestionar consultas y realizar tr\u00e1mites durante las 24 horas, los 365 d\u00edas [&hellip;]<\/p>\n","protected":false},"author":4,"featured_media":64618,"comment_status":"open","ping_status":"closed","sticky":false,"template":"","format":"standard","meta":{"om_disable_all_campaigns":false,"_jetpack_memberships_contains_paid_content":false,"footnotes":""},"categories":[101,2],"tags":[],"class_list":["post-64616","post","type-post","status-publish","format-standard","has-post-thumbnail","hentry","category-interes-general-locales","category-locales"],"aioseo_notices":[],"gutentor_comment":0,"jetpack_featured_media_url":"https:\/\/eldiariodesanpedro.com.ar\/sitio\/wp-content\/uploads\/2019\/11\/40912w940h540c-2efjjidp7r6g.jpg","jetpack_shortlink":"https:\/\/wp.me\/p6RhLt-gOc","jetpack_sharing_enabled":true,"_links":{"self":[{"href":"https:\/\/eldiariodesanpedro.com.ar\/sitio\/wp-json\/wp\/v2\/posts\/64616","targetHints":{"allow":["GET"]}}],"collection":[{"href":"https:\/\/eldiariodesanpedro.com.ar\/sitio\/wp-json\/wp\/v2\/posts"}],"about":[{"href":"https:\/\/eldiariodesanpedro.com.ar\/sitio\/wp-json\/wp\/v2\/types\/post"}],"author":[{"embeddable":true,"href":"https:\/\/eldiariodesanpedro.com.ar\/sitio\/wp-json\/wp\/v2\/users\/4"}],"replies":[{"embeddable":true,"href":"https:\/\/eldiariodesanpedro.com.ar\/sitio\/wp-json\/wp\/v2\/comments?post=64616"}],"version-history":[{"count":1,"href":"https:\/\/eldiariodesanpedro.com.ar\/sitio\/wp-json\/wp\/v2\/posts\/64616\/revisions"}],"predecessor-version":[{"id":64619,"href":"https:\/\/eldiariodesanpedro.com.ar\/sitio\/wp-json\/wp\/v2\/posts\/64616\/revisions\/64619"}],"wp:featuredmedia":[{"embeddable":true,"href":"https:\/\/eldiariodesanpedro.com.ar\/sitio\/wp-json\/wp\/v2\/media\/64618"}],"wp:attachment":[{"href":"https:\/\/eldiariodesanpedro.com.ar\/sitio\/wp-json\/wp\/v2\/media?parent=64616"}],"wp:term":[{"taxonomy":"category","embeddable":true,"href":"https:\/\/eldiariodesanpedro.com.ar\/sitio\/wp-json\/wp\/v2\/categories?post=64616"},{"taxonomy":"post_tag","embeddable":true,"href":"https:\/\/eldiariodesanpedro.com.ar\/sitio\/wp-json\/wp\/v2\/tags?post=64616"}],"curies":[{"name":"wp","href":"https:\/\/api.w.org\/{rel}","templated":true}]}}