{"id":64612,"date":"2019-11-26T09:42:54","date_gmt":"2019-11-26T12:42:54","guid":{"rendered":"https:\/\/eldiariodesanpedro.com.ar\/sitio\/?p=64612"},"modified":"2019-11-26T12:25:46","modified_gmt":"2019-11-26T15:25:46","slug":"la-mujer-que-dijo-haber-sido-abusada-se-presento-a-levantar-la-denuncia","status":"publish","type":"post","link":"https:\/\/eldiariodesanpedro.com.ar\/sitio\/la-mujer-que-dijo-haber-sido-abusada-se-presento-a-levantar-la-denuncia\/","title":{"rendered":"Lima: \u00abLa mujer que dijo haber sido abusada se present\u00f3 a levantar la denuncia\u00bb"},"content":{"rendered":"<!-- VideographyWP Plugin Message: Automatic video embedding prevented by plugin options. -->\n\n<p>Lo asegur\u00f3 el Dr. Hugo Lima, abogado defensor de Rafael Ramos en una nota concedida en el aire de FM G\u00e9nesis. De todos modos la fiscal Viviana Ramos seguir\u00e1 adelante con el proceso.&nbsp;<\/p>\n\n\n\n<p>Seg\u00fan su abogado la mujer de 47 a\u00f1os que el s\u00e1bado asegur\u00f3 haber sido violada por un joven de 29 a\u00f1os se present\u00f3 por sus propios medios en la Comisar\u00eda de la Mujer con el objetivo de retirar la denuncia en la que involucraba a quien era su pareja desde hac\u00eda una semana.<\/p>\n\n\n\n<p>As\u00ed lo asegur\u00f3 el Dr. Hugo Lima, abogado defensor de Rafael Ramos, el hombre acusado en un principio de abusar a la mujer. El letrado habl\u00f3 en el aire de FM G\u00e9nesis y se\u00f1al\u00f3 que su defendido le cont\u00f3 que no abus\u00f3 de la mujer y que todo lo que sucedi\u00f3 fue consentido. \u00abMi defendido reconoci\u00f3 que con la mujer hab\u00eda discutido pero que no la viol\u00f3\u00bb, dijo Lima. \u00abElla accedi\u00f3 a subirse a la moto y trasladarse a la zona en donde estuvieron juntos\u00bb.<\/p>\n\n\n\n<p>El abogado cont\u00f3 que a pesar de que la mujer pretendi\u00f3 retirar todo lo denunciado contra el joven&nbsp;la fiscal Viviana Ramos por ahora seguir\u00e1 adelante con el proceso,&nbsp;de todos modos en la Comisar\u00eda de la Mujer se labr\u00f3 un acta referida a lo expresado por la mujer que de prosperar provocar\u00eda un giro inesperado a la causa.&nbsp;<\/p>\n\n\n\n<p>Todo comenz\u00f3 el s\u00e1bado a la ma\u00f1ana cuando la mujer fue hallada por unos vecinos, abandonada, desnuda y visiblemente shokeada en un descampado de 9 de Julio y Thorne.<\/p>\n\n\n\n<p>El domingo a la ma\u00f1ana, se orden\u00f3 la detenci\u00f3n de Rafael Ramos, acusado de ser el principal responsable del delito denunciado.&nbsp;&nbsp;<\/p>\n\n\n\n<p>Fuente: San Pedro Informa<\/p>\n\n\n\n<p><br><\/p>\n","protected":false},"excerpt":{"rendered":"<p>Lo asegur\u00f3 el Dr. Hugo Lima, abogado defensor de Rafael Ramos en una nota concedida en el aire de FM G\u00e9nesis. De todos modos la fiscal Viviana Ramos seguir\u00e1 adelante con el proceso.&nbsp; Seg\u00fan su abogado la mujer de 47 a\u00f1os que el s\u00e1bado asegur\u00f3 haber sido violada por un joven de 29 a\u00f1os se [&hellip;]<\/p>\n","protected":false},"author":4,"featured_media":64613,"comment_status":"open","ping_status":"closed","sticky":false,"template":"","format":"standard","meta":{"om_disable_all_campaigns":false,"_jetpack_memberships_contains_paid_content":false,"footnotes":""},"categories":[50,2,103],"tags":[],"class_list":["post-64612","post","type-post","status-publish","format-standard","has-post-thumbnail","hentry","category-destacadas","category-locales","category-policiales-locales"],"aioseo_notices":[],"gutentor_comment":0,"jetpack_featured_media_url":"https:\/\/eldiariodesanpedro.com.ar\/sitio\/wp-content\/uploads\/2019\/11\/000081220.jpg","jetpack_shortlink":"https:\/\/wp.me\/p6RhLt-gO8","jetpack_sharing_enabled":true,"_links":{"self":[{"href":"https:\/\/eldiariodesanpedro.com.ar\/sitio\/wp-json\/wp\/v2\/posts\/64612","targetHints":{"allow":["GET"]}}],"collection":[{"href":"https:\/\/eldiariodesanpedro.com.ar\/sitio\/wp-json\/wp\/v2\/posts"}],"about":[{"href":"https:\/\/eldiariodesanpedro.com.ar\/sitio\/wp-json\/wp\/v2\/types\/post"}],"author":[{"embeddable":true,"href":"https:\/\/eldiariodesanpedro.com.ar\/sitio\/wp-json\/wp\/v2\/users\/4"}],"replies":[{"embeddable":true,"href":"https:\/\/eldiariodesanpedro.com.ar\/sitio\/wp-json\/wp\/v2\/comments?post=64612"}],"version-history":[{"count":2,"href":"https:\/\/eldiariodesanpedro.com.ar\/sitio\/wp-json\/wp\/v2\/posts\/64612\/revisions"}],"predecessor-version":[{"id":64626,"href":"https:\/\/eldiariodesanpedro.com.ar\/sitio\/wp-json\/wp\/v2\/posts\/64612\/revisions\/64626"}],"wp:featuredmedia":[{"embeddable":true,"href":"https:\/\/eldiariodesanpedro.com.ar\/sitio\/wp-json\/wp\/v2\/media\/64613"}],"wp:attachment":[{"href":"https:\/\/eldiariodesanpedro.com.ar\/sitio\/wp-json\/wp\/v2\/media?parent=64612"}],"wp:term":[{"taxonomy":"category","embeddable":true,"href":"https:\/\/eldiariodesanpedro.com.ar\/sitio\/wp-json\/wp\/v2\/categories?post=64612"},{"taxonomy":"post_tag","embeddable":true,"href":"https:\/\/eldiariodesanpedro.com.ar\/sitio\/wp-json\/wp\/v2\/tags?post=64612"}],"curies":[{"name":"wp","href":"https:\/\/api.w.org\/{rel}","templated":true}]}}