{"id":64611,"date":"2019-11-26T09:40:44","date_gmt":"2019-11-26T12:40:44","guid":{"rendered":"https:\/\/eldiariodesanpedro.com.ar\/sitio\/?p=64611"},"modified":"2019-11-26T09:40:47","modified_gmt":"2019-11-26T12:40:47","slug":"charla-abierta-sobre-sida-hiv-en-la-clinica-sadiv","status":"publish","type":"post","link":"https:\/\/eldiariodesanpedro.com.ar\/sitio\/charla-abierta-sobre-sida-hiv-en-la-clinica-sadiv\/","title":{"rendered":"Charla abierta sobre SIDA &#8211; HIV en la cl\u00ednica Sadiv"},"content":{"rendered":"<!-- VideographyWP Plugin Message: Automatic video embedding prevented by plugin options. -->\n\n<p>En el marco\u00a0del\u00a0<strong>D\u00eda Mundial del SIDA &#8211; HIV\u00a0(Virus Inmunodeficiencia Humana),\u00a0<\/strong>conmemorado anualmente el 1\u00ba de diciembre, consideramos que es una buena oportunidad para celebrar y respaldar los esfuerzos mundiales con el objetivo fundamental de prevenir nuevas infecciones por el VIH, ampliar la concientizaci\u00f3n y conocimientos sobre este virus y apoyar a las personas seropositivas.<\/p>\n\n\n\n<p>Por esta raz\u00f3n la&nbsp;pr\u00f3xima charla abierta a la comunidad tendr\u00e1 lugar el pr\u00f3ximo viernes 29 de noviembre a las 20:00 Hs. en el Auditorio del Hospital Privado SADIV a cargo de la Infect\u00f3loga&nbsp;<strong>Dra. Mar\u00eda Soledad Gaetano<\/strong>&nbsp;quien abarcar\u00e1 dicha tem\u00e1tica dirigida a las personas que se sumen a la propuesta de conocimiento y concientizaci\u00f3n. Es necesario que principalmente el adolescente participe de este encuentro.&nbsp;Habr\u00e1 presentes y servicio de Catering.<\/p>\n\n\n\n<p>Asimismo, el Lunes 2\/12 se desarrollar\u00e1 una Campa\u00f1a Gratuita dentro de la Instituci\u00f3n en control y prevenci\u00f3n para toda la comunidad que desee acercarse: La campa\u00f1a comprende un circuito que contempla varios puntos fundamentales: Informaci\u00f3n, entrega de material, an\u00e1lisis gratuitos de detecci\u00f3n, consulta m\u00e9dica posterior y resultados. Todo Gratuito para el p\u00fablico en general.<\/p>\n","protected":false},"excerpt":{"rendered":"<p>En el marco\u00a0del\u00a0D\u00eda Mundial del SIDA &#8211; HIV\u00a0(Virus Inmunodeficiencia Humana),\u00a0conmemorado anualmente el 1\u00ba de diciembre, consideramos que es una buena oportunidad para celebrar y respaldar los esfuerzos mundiales con el objetivo fundamental de prevenir nuevas infecciones por el VIH, ampliar la concientizaci\u00f3n y conocimientos sobre este virus y apoyar a las personas seropositivas. Por esta [&hellip;]<\/p>\n","protected":false},"author":4,"featured_media":64614,"comment_status":"open","ping_status":"closed","sticky":false,"template":"","format":"standard","meta":{"om_disable_all_campaigns":false,"_jetpack_memberships_contains_paid_content":false,"footnotes":""},"categories":[101,2],"tags":[],"class_list":["post-64611","post","type-post","status-publish","format-standard","has-post-thumbnail","hentry","category-interes-general-locales","category-locales"],"aioseo_notices":[],"gutentor_comment":0,"jetpack_featured_media_url":"https:\/\/eldiariodesanpedro.com.ar\/sitio\/wp-content\/uploads\/2019\/11\/Flyer-HIV.jpg","jetpack_shortlink":"https:\/\/wp.me\/p6RhLt-gO7","jetpack_sharing_enabled":true,"_links":{"self":[{"href":"https:\/\/eldiariodesanpedro.com.ar\/sitio\/wp-json\/wp\/v2\/posts\/64611","targetHints":{"allow":["GET"]}}],"collection":[{"href":"https:\/\/eldiariodesanpedro.com.ar\/sitio\/wp-json\/wp\/v2\/posts"}],"about":[{"href":"https:\/\/eldiariodesanpedro.com.ar\/sitio\/wp-json\/wp\/v2\/types\/post"}],"author":[{"embeddable":true,"href":"https:\/\/eldiariodesanpedro.com.ar\/sitio\/wp-json\/wp\/v2\/users\/4"}],"replies":[{"embeddable":true,"href":"https:\/\/eldiariodesanpedro.com.ar\/sitio\/wp-json\/wp\/v2\/comments?post=64611"}],"version-history":[{"count":1,"href":"https:\/\/eldiariodesanpedro.com.ar\/sitio\/wp-json\/wp\/v2\/posts\/64611\/revisions"}],"predecessor-version":[{"id":64615,"href":"https:\/\/eldiariodesanpedro.com.ar\/sitio\/wp-json\/wp\/v2\/posts\/64611\/revisions\/64615"}],"wp:featuredmedia":[{"embeddable":true,"href":"https:\/\/eldiariodesanpedro.com.ar\/sitio\/wp-json\/wp\/v2\/media\/64614"}],"wp:attachment":[{"href":"https:\/\/eldiariodesanpedro.com.ar\/sitio\/wp-json\/wp\/v2\/media?parent=64611"}],"wp:term":[{"taxonomy":"category","embeddable":true,"href":"https:\/\/eldiariodesanpedro.com.ar\/sitio\/wp-json\/wp\/v2\/categories?post=64611"},{"taxonomy":"post_tag","embeddable":true,"href":"https:\/\/eldiariodesanpedro.com.ar\/sitio\/wp-json\/wp\/v2\/tags?post=64611"}],"curies":[{"name":"wp","href":"https:\/\/api.w.org\/{rel}","templated":true}]}}