{"id":64608,"date":"2019-11-26T09:33:44","date_gmt":"2019-11-26T12:33:44","guid":{"rendered":"https:\/\/eldiariodesanpedro.com.ar\/sitio\/?p=64608"},"modified":"2019-11-26T09:33:50","modified_gmt":"2019-11-26T12:33:50","slug":"visita-institucional-de-la-uba-al-museo-paleontologico","status":"publish","type":"post","link":"https:\/\/eldiariodesanpedro.com.ar\/sitio\/visita-institucional-de-la-uba-al-museo-paleontologico\/","title":{"rendered":"Visita Institucional de la UBA al Museo Paleontologico"},"content":{"rendered":"<!-- VideographyWP Plugin Message: Automatic video embedding prevented by plugin options. -->\n\n<p> El titular de la Secretar\u00eda de Relaciones Internacionales de la UBA, Dr. Gabriel Capitelli, junto al Coordinador de Proyectos Especiales, M\u00e9d.Veterinario Guillermo Mereb, visitaron el Museo Paleontol\u00f3gico de San Pedro y el yacimiento de Campo Sp\u00f3sito, interesados en conocer el trabajo del Grupo Conservacionista de F\u00f3siles.<\/p>\n\n\n\n<p>Los acad\u00e9micos fueron recibidos por Jos\u00e9 Luis Aguilar y Javier Saucedo, integrantes del equipo del museo sampedrino.<\/p>\n\n\n\n<p>\u00a0Dispuestos a generar v\u00ednculos que permitan desarrollar proyectos cient\u00edficos futuros e intercambios institucionales, recorrieron las salas, conocieron parte de la colecci\u00f3n y visitaron el principal yacimiento descubierto por el grupo local. <\/p>\n\n\n\n<p>Un almuerzo de camarader\u00eda y un intercambio de ideas y opiniones, cerraron la jornada.\u00a0Desde el Grupo Conservacionista de F\u00f3siles se agradece la amabilidad y excelente predisposici\u00f3n de los funcionarios universitarios. <\/p>\n\n\n\n<p><\/p>\n","protected":false},"excerpt":{"rendered":"<p>El titular de la Secretar\u00eda de Relaciones Internacionales de la UBA, Dr. Gabriel Capitelli, junto al Coordinador de Proyectos Especiales, M\u00e9d.Veterinario Guillermo Mereb, visitaron el Museo Paleontol\u00f3gico de San Pedro y el yacimiento de Campo Sp\u00f3sito, interesados en conocer el trabajo del Grupo Conservacionista de F\u00f3siles. Los acad\u00e9micos fueron recibidos por Jos\u00e9 Luis Aguilar y [&hellip;]<\/p>\n","protected":false},"author":4,"featured_media":64609,"comment_status":"open","ping_status":"closed","sticky":false,"template":"","format":"standard","meta":{"om_disable_all_campaigns":false,"_jetpack_memberships_contains_paid_content":false,"footnotes":""},"categories":[101,2],"tags":[],"class_list":["post-64608","post","type-post","status-publish","format-standard","has-post-thumbnail","hentry","category-interes-general-locales","category-locales"],"aioseo_notices":[],"gutentor_comment":0,"jetpack_featured_media_url":"https:\/\/eldiariodesanpedro.com.ar\/sitio\/wp-content\/uploads\/2019\/11\/IMG_20191125_154602-e1574771585335.jpg","jetpack_shortlink":"https:\/\/wp.me\/p6RhLt-gO4","jetpack_sharing_enabled":true,"_links":{"self":[{"href":"https:\/\/eldiariodesanpedro.com.ar\/sitio\/wp-json\/wp\/v2\/posts\/64608","targetHints":{"allow":["GET"]}}],"collection":[{"href":"https:\/\/eldiariodesanpedro.com.ar\/sitio\/wp-json\/wp\/v2\/posts"}],"about":[{"href":"https:\/\/eldiariodesanpedro.com.ar\/sitio\/wp-json\/wp\/v2\/types\/post"}],"author":[{"embeddable":true,"href":"https:\/\/eldiariodesanpedro.com.ar\/sitio\/wp-json\/wp\/v2\/users\/4"}],"replies":[{"embeddable":true,"href":"https:\/\/eldiariodesanpedro.com.ar\/sitio\/wp-json\/wp\/v2\/comments?post=64608"}],"version-history":[{"count":1,"href":"https:\/\/eldiariodesanpedro.com.ar\/sitio\/wp-json\/wp\/v2\/posts\/64608\/revisions"}],"predecessor-version":[{"id":64610,"href":"https:\/\/eldiariodesanpedro.com.ar\/sitio\/wp-json\/wp\/v2\/posts\/64608\/revisions\/64610"}],"wp:featuredmedia":[{"embeddable":true,"href":"https:\/\/eldiariodesanpedro.com.ar\/sitio\/wp-json\/wp\/v2\/media\/64609"}],"wp:attachment":[{"href":"https:\/\/eldiariodesanpedro.com.ar\/sitio\/wp-json\/wp\/v2\/media?parent=64608"}],"wp:term":[{"taxonomy":"category","embeddable":true,"href":"https:\/\/eldiariodesanpedro.com.ar\/sitio\/wp-json\/wp\/v2\/categories?post=64608"},{"taxonomy":"post_tag","embeddable":true,"href":"https:\/\/eldiariodesanpedro.com.ar\/sitio\/wp-json\/wp\/v2\/tags?post=64608"}],"curies":[{"name":"wp","href":"https:\/\/api.w.org\/{rel}","templated":true}]}}