{"id":64602,"date":"2019-11-26T09:11:41","date_gmt":"2019-11-26T12:11:41","guid":{"rendered":"https:\/\/eldiariodesanpedro.com.ar\/sitio\/?p=64602"},"modified":"2019-11-26T09:11:46","modified_gmt":"2019-11-26T12:11:46","slug":"desesperado-pedido-de-familiares-por-la-derivacion-de-los-jovenes-quemados-en-la-panaderia","status":"publish","type":"post","link":"https:\/\/eldiariodesanpedro.com.ar\/sitio\/desesperado-pedido-de-familiares-por-la-derivacion-de-los-jovenes-quemados-en-la-panaderia\/","title":{"rendered":"Desesperado pedido de familiares por la derivaci\u00f3n de los j\u00f3venes quemados en la panader\u00eda"},"content":{"rendered":"<!-- VideographyWP Plugin Message: Automatic video embedding prevented by plugin options. -->\n\n<p>\u00abMi sobrino se est\u00e1 muriendo\u00bb, expres\u00f3 a este medio Claudia, t\u00eda de Agust\u00edn Iglesias y Diego Iglesias. Ambos se encuentran a la espera de una urgente derivaci\u00f3n al Instituto del Quemado, Agust\u00edn tiene mas del 65% de su cuerpo quemado.<\/p>\n\n\n\n<figure class=\"wp-block-image\"><img decoding=\"async\" width=\"540\" height=\"960\" data-attachment-id=\"64605\" data-permalink=\"https:\/\/eldiariodesanpedro.com.ar\/sitio\/desesperado-pedido-de-familiares-por-la-derivacion-de-los-jovenes-quemados-en-la-panaderia\/77356814_2424909934489989_1382687037873717248_o\/\" data-orig-file=\"https:\/\/eldiariodesanpedro.com.ar\/sitio\/wp-content\/uploads\/2019\/11\/77356814_2424909934489989_1382687037873717248_o.jpg\" data-orig-size=\"540,960\" data-comments-opened=\"1\" data-image-meta=\"{&quot;aperture&quot;:&quot;0&quot;,&quot;credit&quot;:&quot;&quot;,&quot;camera&quot;:&quot;&quot;,&quot;caption&quot;:&quot;&quot;,&quot;created_timestamp&quot;:&quot;0&quot;,&quot;copyright&quot;:&quot;&quot;,&quot;focal_length&quot;:&quot;0&quot;,&quot;iso&quot;:&quot;0&quot;,&quot;shutter_speed&quot;:&quot;0&quot;,&quot;title&quot;:&quot;&quot;,&quot;orientation&quot;:&quot;0&quot;}\" data-image-title=\"77356814_2424909934489989_1382687037873717248_o\" data-image-description=\"\" data-image-caption=\"\" data-large-file=\"https:\/\/eldiariodesanpedro.com.ar\/sitio\/wp-content\/uploads\/2019\/11\/77356814_2424909934489989_1382687037873717248_o.jpg\" data-src=\"https:\/\/eldiariodesanpedro.com.ar\/sitio\/wp-content\/uploads\/2019\/11\/77356814_2424909934489989_1382687037873717248_o.jpg\" alt=\"\" class=\"wp-image-64605 lazyload\" data-srcset=\"https:\/\/eldiariodesanpedro.com.ar\/sitio\/wp-content\/uploads\/2019\/11\/77356814_2424909934489989_1382687037873717248_o.jpg 540w, https:\/\/eldiariodesanpedro.com.ar\/sitio\/wp-content\/uploads\/2019\/11\/77356814_2424909934489989_1382687037873717248_o-169x300.jpg 169w\" data-sizes=\"(max-width: 540px) 100vw, 540px\" src=\"data:image\/svg+xml;base64,PHN2ZyB3aWR0aD0iMSIgaGVpZ2h0PSIxIiB4bWxucz0iaHR0cDovL3d3dy53My5vcmcvMjAwMC9zdmciPjwvc3ZnPg==\" style=\"--smush-placeholder-width: 540px; --smush-placeholder-aspect-ratio: 540\/960;\" \/><\/figure>\n\n\n\n<p>Grave incendio se produjo por la ma\u00f1ana de este lunes cuando una garrafa de 45kg se prendi\u00f3 fuego en el interior de una panader\u00eda ubicada en Manuel Iglesias al 2100.<\/p>\n\n\n\n<p> El Dr Herbas, Jefe de Guardia del nosocomio local, habia confirmado luego que ingresaron tres personas con quemaduras producto del incendio , dos masculinos se encuentran en terapia intensiva con mas del 50% del cuerpo quemado a la espera de una derivaci\u00f3n. <\/p>\n\n\n\n<p>Su propietario y dos empleados intentaron apagar las llamas por sus propios medios trasladadndo la garrafa al exterior.<\/p>\n\n\n\n<p>En ese momento fueron alcanzados por las mismas provocandoles lesiones graves en su cuerpo.<\/p>\n\n\n\n<p>Gran cantidad de vecinos ayudaron con baldes de agua a intentar apagar el foco \u00edgneo, mientras otras personas trasladaron a los heridos hasta el nosocomio local.<\/p>\n\n\n\n<p>Una dotaci\u00f3n de bomberos voluntarios se hizo presente para terminar de sofocar el siniestro.<\/p>\n\n\n\n<figure class=\"wp-block-image\"><img decoding=\"async\" width=\"1920\" height=\"910\" data-attachment-id=\"64604\" data-permalink=\"https:\/\/eldiariodesanpedro.com.ar\/sitio\/desesperado-pedido-de-familiares-por-la-derivacion-de-los-jovenes-quemados-en-la-panaderia\/20191125_1154411-1\/\" data-orig-file=\"https:\/\/eldiariodesanpedro.com.ar\/sitio\/wp-content\/uploads\/2019\/11\/20191125_1154411-1.jpg\" data-orig-size=\"1920,910\" data-comments-opened=\"1\" data-image-meta=\"{&quot;aperture&quot;:&quot;0&quot;,&quot;credit&quot;:&quot;&quot;,&quot;camera&quot;:&quot;&quot;,&quot;caption&quot;:&quot;&quot;,&quot;created_timestamp&quot;:&quot;0&quot;,&quot;copyright&quot;:&quot;&quot;,&quot;focal_length&quot;:&quot;0&quot;,&quot;iso&quot;:&quot;0&quot;,&quot;shutter_speed&quot;:&quot;0&quot;,&quot;title&quot;:&quot;&quot;,&quot;orientation&quot;:&quot;1&quot;}\" data-image-title=\"20191125_1154411-1\" data-image-description=\"\" data-image-caption=\"\" data-large-file=\"https:\/\/eldiariodesanpedro.com.ar\/sitio\/wp-content\/uploads\/2019\/11\/20191125_1154411-1-1024x485.jpg\" data-src=\"https:\/\/i1.wp.com\/eldiariodesanpedro.com.ar\/sitio\/wp-content\/uploads\/2019\/11\/20191125_1154411-1.jpg?fit=640%2C303\" alt=\"\" class=\"wp-image-64604 lazyload\" data-srcset=\"https:\/\/eldiariodesanpedro.com.ar\/sitio\/wp-content\/uploads\/2019\/11\/20191125_1154411-1.jpg 1920w, https:\/\/eldiariodesanpedro.com.ar\/sitio\/wp-content\/uploads\/2019\/11\/20191125_1154411-1-300x142.jpg 300w, https:\/\/eldiariodesanpedro.com.ar\/sitio\/wp-content\/uploads\/2019\/11\/20191125_1154411-1-768x364.jpg 768w, https:\/\/eldiariodesanpedro.com.ar\/sitio\/wp-content\/uploads\/2019\/11\/20191125_1154411-1-1024x485.jpg 1024w\" data-sizes=\"(max-width: 1920px) 100vw, 1920px\" src=\"data:image\/svg+xml;base64,PHN2ZyB3aWR0aD0iMSIgaGVpZ2h0PSIxIiB4bWxucz0iaHR0cDovL3d3dy53My5vcmcvMjAwMC9zdmciPjwvc3ZnPg==\" style=\"--smush-placeholder-width: 1920px; --smush-placeholder-aspect-ratio: 1920\/910;\" \/><\/figure>\n\n\n\n<p>Agust\u00edn Iglesias, de 20 a\u00f1os de edad, ingreso con el 65% de su cuerpo quemado, tiene gran cantidad de mon\u00f3xido de carbono en los pulmones, se encuentra en coma inducido, internado en terapia intensiva.<\/p>\n\n\n\n<p>Su hermano, Diego, ingreso con el 45% de quemaduras y tambi\u00e9n se encuentra en terapia intensiva.<\/p>\n\n\n\n<p>Claudia, t\u00eda de los j\u00f3venes dialog\u00f3 con nuestra redacci\u00f3n muy angustiada solicitando una derivaci\u00f3n urgente, \u00abhablamos con servicios sociales, con una persona que se encarga de pedir el traslado al Instituto del Quemado, esta ma\u00f1ana no recibimos respuestas, la secretaria del Director del Hospital nos dijo que dialogo con Guillermo Sancho, Secretario de Salud y que est\u00e1n primeros en la lista\u00bb<\/p>\n\n\n\n<p>\u00abNo pueden esperar, Agust\u00edn esta muy mal, esta complicado, tiene el 65% del cuerpo quemado, nos hacen ilusionar porque ayer vino Trelles (concejal de Unidad Ciudadana) y nos prometi\u00f3 que nos iban ayudar que iba hablar nose con quien, con el vice gobernador creo y que el traslado salia a la noche\u00bb<\/p>\n\n\n\n<p>\u00abMi sobrino se esta muriendo, necesitamos el traslado ya\u00bb, culmino.<\/p>\n","protected":false},"excerpt":{"rendered":"<p>\u00abMi sobrino se est\u00e1 muriendo\u00bb, expres\u00f3 a este medio Claudia, t\u00eda de Agust\u00edn Iglesias y Diego Iglesias. Ambos se encuentran a la espera de una urgente derivaci\u00f3n al Instituto del Quemado, Agust\u00edn tiene mas del 65% de su cuerpo quemado. Grave incendio se produjo por la ma\u00f1ana de este lunes cuando una garrafa de 45kg [&hellip;]<\/p>\n","protected":false},"author":4,"featured_media":64606,"comment_status":"open","ping_status":"closed","sticky":false,"template":"","format":"standard","meta":{"om_disable_all_campaigns":false,"_jetpack_memberships_contains_paid_content":false,"footnotes":""},"categories":[50,101,2],"tags":[],"class_list":["post-64602","post","type-post","status-publish","format-standard","has-post-thumbnail","hentry","category-destacadas","category-interes-general-locales","category-locales"],"aioseo_notices":[],"gutentor_comment":0,"jetpack_featured_media_url":"https:\/\/eldiariodesanpedro.com.ar\/sitio\/wp-content\/uploads\/2019\/11\/PicsArt_11-26-09.10.10.jpg","jetpack_shortlink":"https:\/\/wp.me\/p6RhLt-gNY","jetpack_sharing_enabled":true,"_links":{"self":[{"href":"https:\/\/eldiariodesanpedro.com.ar\/sitio\/wp-json\/wp\/v2\/posts\/64602","targetHints":{"allow":["GET"]}}],"collection":[{"href":"https:\/\/eldiariodesanpedro.com.ar\/sitio\/wp-json\/wp\/v2\/posts"}],"about":[{"href":"https:\/\/eldiariodesanpedro.com.ar\/sitio\/wp-json\/wp\/v2\/types\/post"}],"author":[{"embeddable":true,"href":"https:\/\/eldiariodesanpedro.com.ar\/sitio\/wp-json\/wp\/v2\/users\/4"}],"replies":[{"embeddable":true,"href":"https:\/\/eldiariodesanpedro.com.ar\/sitio\/wp-json\/wp\/v2\/comments?post=64602"}],"version-history":[{"count":1,"href":"https:\/\/eldiariodesanpedro.com.ar\/sitio\/wp-json\/wp\/v2\/posts\/64602\/revisions"}],"predecessor-version":[{"id":64607,"href":"https:\/\/eldiariodesanpedro.com.ar\/sitio\/wp-json\/wp\/v2\/posts\/64602\/revisions\/64607"}],"wp:featuredmedia":[{"embeddable":true,"href":"https:\/\/eldiariodesanpedro.com.ar\/sitio\/wp-json\/wp\/v2\/media\/64606"}],"wp:attachment":[{"href":"https:\/\/eldiariodesanpedro.com.ar\/sitio\/wp-json\/wp\/v2\/media?parent=64602"}],"wp:term":[{"taxonomy":"category","embeddable":true,"href":"https:\/\/eldiariodesanpedro.com.ar\/sitio\/wp-json\/wp\/v2\/categories?post=64602"},{"taxonomy":"post_tag","embeddable":true,"href":"https:\/\/eldiariodesanpedro.com.ar\/sitio\/wp-json\/wp\/v2\/tags?post=64602"}],"curies":[{"name":"wp","href":"https:\/\/api.w.org\/{rel}","templated":true}]}}