{"id":6460,"date":"2016-07-29T11:34:38","date_gmt":"2016-07-29T14:34:38","guid":{"rendered":"https:\/\/eldiariodesanpedro.com.ar\/sitio\/?p=6460"},"modified":"2016-07-29T11:34:38","modified_gmt":"2016-07-29T14:34:38","slug":"se-aprobo-el-credito-procrear-complementario-para-terminacion-de-vivienda","status":"publish","type":"post","link":"https:\/\/eldiariodesanpedro.com.ar\/sitio\/se-aprobo-el-credito-procrear-complementario-para-terminacion-de-vivienda\/","title":{"rendered":"Se aprob\u00f3 el cr\u00e9dito Procrear Complementario para terminaci\u00f3n de vivienda"},"content":{"rendered":"<p><!-- VideographyWP Plugin Message: Automatic video embedding prevented by plugin options. --><br \/>\nEst\u00e1 destinado a las familias que, por distintas razones, no pudieron terminar de construir su vivienda y necesitan asistencia crediticia. Se otorgar\u00e1n hasta $200.000 por familia.<br \/>\nEl Comit\u00e9 Ejecutivo de Procrear resolvi\u00f3 la aprobaci\u00f3n del Cr\u00e9dito Procrear Complementario. Se trata de nuevo pr\u00e9stamo personal Procrear Terminaci\u00f3n, destinado a los titulares de las l\u00edneas Construcci\u00f3n y Compra de Terreno + Construcci\u00f3n que no concluyeron la construcci\u00f3n de su vivienda y necesitan asistencia crediticia para lograrlo.<br \/>\nEl Comit\u00e9 Ejecutivo de Procrear se encuentra compuesto por el ministerio del Interior, la ANSES, la AABE y ministerio de Hacienda y Finanzas P\u00fablicas. La medida es en respuesta a los pedidos de beneficiarios del cr\u00e9dito Procrear actualmente en marcha para que puedan terminar con la construcci\u00f3n de sus viviendas. El cr\u00e9dito se deber\u00e1 gestionar en el Banco Hipotecario, sin necesidad de sorteo, ni de sistema de puntaje. Para m\u00e1s informaci\u00f3n sobre el procedimiento, las familias se deber\u00e1n dirigir al Banco Hipotecario.<br \/>\nEl monto m\u00e1ximo que se entregar\u00e1 ser\u00e1 de $200.000, a devolver en un plazo de hasta 15 a\u00f1os, con una tasa de inter\u00e9s anual del 2%, bajo la modalidad UVI. El cr\u00e9dito se podr\u00e1 solicitar hasta abril de 2017. De esta manera, de cumplir con los requisitos, se ver\u00e1n beneficiadas alrededor de 11.000 familias.<br \/>\nEl subsecretario de Desarrollo Urbano y Vivienda del Ministerio del Interior, Iv\u00e1n Kerr, indic\u00f3 al respecto: \u201cRecibimos y escuchamos a los representantes de las familias que solicitaban un cr\u00e9dito complementario para poder terminar sus viviendas y as\u00ed poder llegar a una soluci\u00f3n justa para todas\u201d. Luego agreg\u00f3: \u201cQueremos que este pr\u00e9stamo personal sea destinado a brindar asistencia crediticia adicional a aquellos beneficiarios que se encuentran en proceso de construcci\u00f3n, sin poder alcanzar la condici\u00f3n de habitabilidad, que es del 85%\u201d. Finalmente, Kerr expres\u00f3: \u201cLa ayuda econ\u00f3mica se efectivizar\u00e1 a trav\u00e9s del otorgamiento de un pr\u00e9stamo personal con destino a la terminaci\u00f3n de vivienda\u201d.<\/p>\n<p>Requisitos para acceder<\/p>\n<p>*Las personas deben estar inscriptas en las l\u00edneas Procrear Construcci\u00f3n y Compra de Terreno + Construcci\u00f3n.<br \/>\n*Las viviendas deben ser de hasta 90 m2.<br \/>\n*Pueden acceder los segmentos 1, 2 y 3 para el cr\u00e9dito original. El salario m\u00e1ximo debe ser de $30.000 al solicitar el cr\u00e9dito complementario.<br \/>\n*El cobro del \u00faltimo desembolso debe haber sido desde diciembre de 2015 en adelante. El cr\u00e9dito deber\u00e1 ser solicitado con posterioridad a los 60 d\u00edas del cobro del \u00faltimo desembolso.<br \/>\n*La fecha de inicio de obra debe ser a partir del 1\/1\/2015 o el cr\u00e9dito original debe estar aprobado antes del 20 de mayo de 2016.<br \/>\n*El avance de obra debe ser menor al 85% (al momento del an\u00e1lisis se verificar\u00e1 que el beneficiario haya alcanzado como m\u00ednimo el 65% de avance con el cobro del \u00faltimo desembolso del cr\u00e9dito).<br \/>\n*Los beneficiarios que quieran tomar el cr\u00e9dito deber\u00e1n concurrir a una sucursal del Banco Hipotecario, con su documentaci\u00f3n personal y laboral.<\/p>\n","protected":false},"excerpt":{"rendered":"<p>Est\u00e1 destinado a las familias que, por distintas razones, no pudieron terminar de construir su vivienda y necesitan asistencia crediticia. Se otorgar\u00e1n hasta $200.000 por familia. El Comit\u00e9 Ejecutivo de Procrear resolvi\u00f3 la aprobaci\u00f3n del Cr\u00e9dito Procrear Complementario. Se trata de nuevo pr\u00e9stamo personal Procrear Terminaci\u00f3n, destinado a los titulares de las l\u00edneas Construcci\u00f3n y [&hellip;]<\/p>\n","protected":false},"author":4,"featured_media":6461,"comment_status":"open","ping_status":"closed","sticky":false,"template":"","format":"standard","meta":{"om_disable_all_campaigns":false,"_jetpack_memberships_contains_paid_content":false,"footnotes":""},"categories":[101,2],"tags":[],"class_list":["post-6460","post","type-post","status-publish","format-standard","has-post-thumbnail","hentry","category-interes-general-locales","category-locales"],"aioseo_notices":[],"gutentor_comment":0,"jetpack_featured_media_url":"https:\/\/eldiariodesanpedro.com.ar\/sitio\/wp-content\/uploads\/2016\/07\/tmb1_607510_20140911161602.jpg","jetpack_shortlink":"https:\/\/wp.me\/p6RhLt-1Gc","jetpack_sharing_enabled":true,"_links":{"self":[{"href":"https:\/\/eldiariodesanpedro.com.ar\/sitio\/wp-json\/wp\/v2\/posts\/6460","targetHints":{"allow":["GET"]}}],"collection":[{"href":"https:\/\/eldiariodesanpedro.com.ar\/sitio\/wp-json\/wp\/v2\/posts"}],"about":[{"href":"https:\/\/eldiariodesanpedro.com.ar\/sitio\/wp-json\/wp\/v2\/types\/post"}],"author":[{"embeddable":true,"href":"https:\/\/eldiariodesanpedro.com.ar\/sitio\/wp-json\/wp\/v2\/users\/4"}],"replies":[{"embeddable":true,"href":"https:\/\/eldiariodesanpedro.com.ar\/sitio\/wp-json\/wp\/v2\/comments?post=6460"}],"version-history":[{"count":1,"href":"https:\/\/eldiariodesanpedro.com.ar\/sitio\/wp-json\/wp\/v2\/posts\/6460\/revisions"}],"predecessor-version":[{"id":6462,"href":"https:\/\/eldiariodesanpedro.com.ar\/sitio\/wp-json\/wp\/v2\/posts\/6460\/revisions\/6462"}],"wp:featuredmedia":[{"embeddable":true,"href":"https:\/\/eldiariodesanpedro.com.ar\/sitio\/wp-json\/wp\/v2\/media\/6461"}],"wp:attachment":[{"href":"https:\/\/eldiariodesanpedro.com.ar\/sitio\/wp-json\/wp\/v2\/media?parent=6460"}],"wp:term":[{"taxonomy":"category","embeddable":true,"href":"https:\/\/eldiariodesanpedro.com.ar\/sitio\/wp-json\/wp\/v2\/categories?post=6460"},{"taxonomy":"post_tag","embeddable":true,"href":"https:\/\/eldiariodesanpedro.com.ar\/sitio\/wp-json\/wp\/v2\/tags?post=6460"}],"curies":[{"name":"wp","href":"https:\/\/api.w.org\/{rel}","templated":true}]}}