{"id":64587,"date":"2019-11-25T18:43:15","date_gmt":"2019-11-25T21:43:15","guid":{"rendered":"https:\/\/eldiariodesanpedro.com.ar\/sitio\/?p=64587"},"modified":"2019-11-26T09:22:51","modified_gmt":"2019-11-26T12:22:51","slug":"incendio-en-una-panaderia-dos-personas-con-graves-quemaduras-esperan-derivacion","status":"publish","type":"post","link":"https:\/\/eldiariodesanpedro.com.ar\/sitio\/incendio-en-una-panaderia-dos-personas-con-graves-quemaduras-esperan-derivacion\/","title":{"rendered":"Incendio en una panader\u00eda, dos personas con graves quemaduras esperan derivaci\u00f3n"},"content":{"rendered":"<!-- VideographyWP Plugin Message: Automatic video embedding prevented by plugin options. -->\n\n<p>As\u00ed lo confirmo el Dr Herbas, Jefe de Guardia del nosocomio local, ingresaron tres personas con quemaduras producto del incendio , dos masculinos se encuentran en terapia intensiva con mas del 50% del cuerpo quemado a la espera de una derivaci\u00f3n. <\/p>\n\n\n\n<ul class=\"wp-block-gallery columns-2 is-cropped wp-block-gallery-1 is-layout-flex wp-block-gallery-is-layout-flex\"><li class=\"blocks-gallery-item\"><figure><img decoding=\"async\" width=\"1024\" height=\"485\" data-attachment-id=\"64548\" data-permalink=\"https:\/\/eldiariodesanpedro.com.ar\/sitio\/20191125_1154411\/\" data-orig-file=\"https:\/\/eldiariodesanpedro.com.ar\/sitio\/wp-content\/uploads\/2019\/11\/20191125_1154411.jpg\" data-orig-size=\"4608,2184\" data-comments-opened=\"1\" data-image-meta=\"{&quot;aperture&quot;:&quot;2.2&quot;,&quot;credit&quot;:&quot;&quot;,&quot;camera&quot;:&quot;SM-G975F&quot;,&quot;caption&quot;:&quot;&quot;,&quot;created_timestamp&quot;:&quot;1574682881&quot;,&quot;copyright&quot;:&quot;&quot;,&quot;focal_length&quot;:&quot;1.8&quot;,&quot;iso&quot;:&quot;50&quot;,&quot;shutter_speed&quot;:&quot;0.0046511627906977&quot;,&quot;title&quot;:&quot;&quot;,&quot;orientation&quot;:&quot;1&quot;}\" data-image-title=\"20191125_115441[1]\" data-image-description=\"\" data-image-caption=\"\" data-large-file=\"https:\/\/eldiariodesanpedro.com.ar\/sitio\/wp-content\/uploads\/2019\/11\/20191125_1154411-1024x485.jpg\" data-src=\"https:\/\/eldiariodesanpedro.com.ar\/sitio\/wp-content\/uploads\/2019\/11\/20191125_1154411-1024x485.jpg\" alt=\"\" data-id=\"64548\" data-link=\"https:\/\/eldiariodesanpedro.com.ar\/sitio\/20191125_1154411\/\" class=\"wp-image-64548 lazyload\" data-srcset=\"https:\/\/eldiariodesanpedro.com.ar\/sitio\/wp-content\/uploads\/2019\/11\/20191125_1154411-1024x485.jpg 1024w, https:\/\/eldiariodesanpedro.com.ar\/sitio\/wp-content\/uploads\/2019\/11\/20191125_1154411-300x142.jpg 300w, https:\/\/eldiariodesanpedro.com.ar\/sitio\/wp-content\/uploads\/2019\/11\/20191125_1154411-768x364.jpg 768w\" data-sizes=\"(max-width: 1024px) 100vw, 1024px\" src=\"data:image\/svg+xml;base64,PHN2ZyB3aWR0aD0iMSIgaGVpZ2h0PSIxIiB4bWxucz0iaHR0cDovL3d3dy53My5vcmcvMjAwMC9zdmciPjwvc3ZnPg==\" style=\"--smush-placeholder-width: 1024px; --smush-placeholder-aspect-ratio: 1024\/485;\" \/><\/figure><\/li><li class=\"blocks-gallery-item\"><figure><img decoding=\"async\" width=\"1024\" height=\"576\" data-attachment-id=\"64550\" data-permalink=\"https:\/\/eldiariodesanpedro.com.ar\/sitio\/20191125_1145061\/\" data-orig-file=\"https:\/\/eldiariodesanpedro.com.ar\/sitio\/wp-content\/uploads\/2019\/11\/20191125_1145061.jpg\" data-orig-size=\"4608,2592\" data-comments-opened=\"1\" data-image-meta=\"{&quot;aperture&quot;:&quot;2.2&quot;,&quot;credit&quot;:&quot;&quot;,&quot;camera&quot;:&quot;SM-G975F&quot;,&quot;caption&quot;:&quot;&quot;,&quot;created_timestamp&quot;:&quot;1574682306&quot;,&quot;copyright&quot;:&quot;&quot;,&quot;focal_length&quot;:&quot;1.8&quot;,&quot;iso&quot;:&quot;40&quot;,&quot;shutter_speed&quot;:&quot;0.0040650406504065&quot;,&quot;title&quot;:&quot;&quot;,&quot;orientation&quot;:&quot;1&quot;}\" data-image-title=\"20191125_114506[1]\" data-image-description=\"\" data-image-caption=\"\" data-large-file=\"https:\/\/eldiariodesanpedro.com.ar\/sitio\/wp-content\/uploads\/2019\/11\/20191125_1145061-1024x576.jpg\" data-src=\"https:\/\/eldiariodesanpedro.com.ar\/sitio\/wp-content\/uploads\/2019\/11\/20191125_1145061-1024x576.jpg\" alt=\"\" data-id=\"64550\" data-link=\"https:\/\/eldiariodesanpedro.com.ar\/sitio\/20191125_1145061\/\" class=\"wp-image-64550 lazyload\" data-srcset=\"https:\/\/eldiariodesanpedro.com.ar\/sitio\/wp-content\/uploads\/2019\/11\/20191125_1145061-1024x576.jpg 1024w, https:\/\/eldiariodesanpedro.com.ar\/sitio\/wp-content\/uploads\/2019\/11\/20191125_1145061-300x169.jpg 300w, https:\/\/eldiariodesanpedro.com.ar\/sitio\/wp-content\/uploads\/2019\/11\/20191125_1145061-768x432.jpg 768w, https:\/\/eldiariodesanpedro.com.ar\/sitio\/wp-content\/uploads\/2019\/11\/20191125_1145061-800x450.jpg 800w\" data-sizes=\"(max-width: 1024px) 100vw, 1024px\" src=\"data:image\/svg+xml;base64,PHN2ZyB3aWR0aD0iMSIgaGVpZ2h0PSIxIiB4bWxucz0iaHR0cDovL3d3dy53My5vcmcvMjAwMC9zdmciPjwvc3ZnPg==\" style=\"--smush-placeholder-width: 1024px; --smush-placeholder-aspect-ratio: 1024\/576;\" \/><\/figure><\/li><\/ul>\n\n\n\n<p>El lamentable hecho sucedi\u00f3 esta ma\u00f1ana en un comercio de rubro panader\u00eda, ubicada en calle Manuel Iglesias al 2100, cuando un tubo de gas que se encontraba conectado a un horno pizzero, se incendio. <\/p>\n\n\n\n<p>Su propietario y dos empleados intentaron apagar las llamas por sus propios medios trasladadndo la garrafa al exterior.<\/p>\n\n\n\n<p>En ese momento fueron alcanzados por las mismas provocandoles lesiones graves en su cuerpo.<\/p>\n\n\n\n<p>Gran cantidad de vecinos ayudaron con baldes de agua a intentar apagar el foco \u00edgneo, mientras otras personas trasladaron a los heridos hasta el nosocomio local.<\/p>\n\n\n\n<p>Una dotaci\u00f3n de bomberos voluntarios se hizo presente para terminar de sofocar el siniestro.<\/p>\n\n\n\n<p>Agust\u00edn Iglesias, de 20 a\u00f1os de edad, ingreso con el 65% de su cuerpo quemado, tiene gran cantidad de mon\u00f3xido de carbono en los pulmones, se encuentra en coma inducido, internado en terapia intensiva.<\/p>\n\n\n\n<p>Su hermano, Diego, ingreso con el 45% de quemaduras y tambi\u00e9n se encuentra en terapia intensiva.<\/p>\n\n\n\n<p>Ambos esperan una derivaci\u00f3n de urgencia a un Instituto del Quemado pero no consiguen camas.<\/p>\n\n\n\n<p>Otra de las personas que ingres\u00f3 a la guardia tenia quemaduras en su pierna de car\u00e1cter leve.<\/p>\n\n\n\n<p><\/p>\n","protected":false},"excerpt":{"rendered":"<p>As\u00ed lo confirmo el Dr Herbas, Jefe de Guardia del nosocomio local, ingresaron tres personas con quemaduras producto del incendio , dos masculinos se encuentran en terapia intensiva con mas del 50% del cuerpo quemado a la espera de una derivaci\u00f3n. El lamentable hecho sucedi\u00f3 esta ma\u00f1ana en un comercio de rubro panader\u00eda, ubicada en [&hellip;]<\/p>\n","protected":false},"author":4,"featured_media":64548,"comment_status":"open","ping_status":"closed","sticky":false,"template":"","format":"standard","meta":{"om_disable_all_campaigns":false,"_jetpack_memberships_contains_paid_content":false,"footnotes":""},"categories":[50,2,103],"tags":[],"class_list":["post-64587","post","type-post","status-publish","format-standard","has-post-thumbnail","hentry","category-destacadas","category-locales","category-policiales-locales"],"aioseo_notices":[],"gutentor_comment":0,"jetpack_featured_media_url":"https:\/\/eldiariodesanpedro.com.ar\/sitio\/wp-content\/uploads\/2019\/11\/20191125_1154411.jpg","jetpack_shortlink":"https:\/\/wp.me\/p6RhLt-gNJ","jetpack_sharing_enabled":true,"_links":{"self":[{"href":"https:\/\/eldiariodesanpedro.com.ar\/sitio\/wp-json\/wp\/v2\/posts\/64587","targetHints":{"allow":["GET"]}}],"collection":[{"href":"https:\/\/eldiariodesanpedro.com.ar\/sitio\/wp-json\/wp\/v2\/posts"}],"about":[{"href":"https:\/\/eldiariodesanpedro.com.ar\/sitio\/wp-json\/wp\/v2\/types\/post"}],"author":[{"embeddable":true,"href":"https:\/\/eldiariodesanpedro.com.ar\/sitio\/wp-json\/wp\/v2\/users\/4"}],"replies":[{"embeddable":true,"href":"https:\/\/eldiariodesanpedro.com.ar\/sitio\/wp-json\/wp\/v2\/comments?post=64587"}],"version-history":[{"count":2,"href":"https:\/\/eldiariodesanpedro.com.ar\/sitio\/wp-json\/wp\/v2\/posts\/64587\/revisions"}],"predecessor-version":[{"id":64598,"href":"https:\/\/eldiariodesanpedro.com.ar\/sitio\/wp-json\/wp\/v2\/posts\/64587\/revisions\/64598"}],"wp:featuredmedia":[{"embeddable":true,"href":"https:\/\/eldiariodesanpedro.com.ar\/sitio\/wp-json\/wp\/v2\/media\/64548"}],"wp:attachment":[{"href":"https:\/\/eldiariodesanpedro.com.ar\/sitio\/wp-json\/wp\/v2\/media?parent=64587"}],"wp:term":[{"taxonomy":"category","embeddable":true,"href":"https:\/\/eldiariodesanpedro.com.ar\/sitio\/wp-json\/wp\/v2\/categories?post=64587"},{"taxonomy":"post_tag","embeddable":true,"href":"https:\/\/eldiariodesanpedro.com.ar\/sitio\/wp-json\/wp\/v2\/tags?post=64587"}],"curies":[{"name":"wp","href":"https:\/\/api.w.org\/{rel}","templated":true}]}}