{"id":64583,"date":"2019-11-25T18:02:15","date_gmt":"2019-11-25T21:02:15","guid":{"rendered":"https:\/\/eldiariodesanpedro.com.ar\/sitio\/?p=64583"},"modified":"2019-11-25T18:02:20","modified_gmt":"2019-11-25T21:02:20","slug":"visita-y-acuerdo-de-intercambio-con-el-area-de-turismo-de-la-municipalidad-de-san-fernando","status":"publish","type":"post","link":"https:\/\/eldiariodesanpedro.com.ar\/sitio\/visita-y-acuerdo-de-intercambio-con-el-area-de-turismo-de-la-municipalidad-de-san-fernando\/","title":{"rendered":"Visita y acuerdo de intercambio con el \u00e1rea de turismo de la Municipalidad de San Fernando"},"content":{"rendered":"<!-- VideographyWP Plugin Message: Automatic video embedding prevented by plugin options. -->\n\n<p> Funcionarios, estudiantes y representantes del sector tur\u00edstico de la Municipalidad de San Fernando visitaron el s\u00e1bado nuestra ciudad y fueron recibidos por la Direcci\u00f3n de Turismo de San Pedro iniciando un intercambio que permitir\u00e1 tambi\u00e9n a una delegaci\u00f3n local concretar una visita similar en el futuro en esa zona con una importante oferta tur\u00edstica.<\/p>\n\n\n\n<p>El paseo, acompa\u00f1ado por gu\u00edas tur\u00edsticas locales coincidi\u00f3 con la fecha de conmemoraci\u00f3n de la Semana de la Soberan\u00eda e incluy\u00f3 un recorrido por el Museo de Sitio de la Batalla de Obligado, el Casco Hist\u00f3rico de San Pedro y el Complejo Tur\u00edstico ex Tiro Federal en donde almorzaron y suscribieron un acuerdo con la Directora de Turismo de San Pedro, Licenciada Marcela Cu\u00f1er.<\/p>\n\n\n\n<p>La Direcci\u00f3n de Turismo de la Municipalidad de San Pedro trabaja en este tipo de intercambio de receptivos que permiten que se multiplique la difusi\u00f3n y promoci\u00f3n de las propuestas de la zona para la pr\u00f3xima temporada.<\/p>\n\n\n\n<figure class=\"wp-block-image\"><img decoding=\"async\" width=\"1024\" height=\"576\" data-attachment-id=\"64584\" data-permalink=\"https:\/\/eldiariodesanpedro.com.ar\/sitio\/visita-y-acuerdo-de-intercambio-con-el-area-de-turismo-de-la-municipalidad-de-san-fernando\/1-150\/\" data-orig-file=\"https:\/\/eldiariodesanpedro.com.ar\/sitio\/wp-content\/uploads\/2019\/11\/1-1.jpeg\" data-orig-size=\"1280,720\" data-comments-opened=\"1\" data-image-meta=\"{&quot;aperture&quot;:&quot;0&quot;,&quot;credit&quot;:&quot;&quot;,&quot;camera&quot;:&quot;&quot;,&quot;caption&quot;:&quot;&quot;,&quot;created_timestamp&quot;:&quot;0&quot;,&quot;copyright&quot;:&quot;&quot;,&quot;focal_length&quot;:&quot;0&quot;,&quot;iso&quot;:&quot;0&quot;,&quot;shutter_speed&quot;:&quot;0&quot;,&quot;title&quot;:&quot;&quot;,&quot;orientation&quot;:&quot;0&quot;}\" data-image-title=\"1\" data-image-description=\"\" data-image-caption=\"\" data-large-file=\"https:\/\/eldiariodesanpedro.com.ar\/sitio\/wp-content\/uploads\/2019\/11\/1-1-1024x576.jpeg\" data-src=\"https:\/\/eldiariodesanpedro.com.ar\/sitio\/wp-content\/uploads\/2019\/11\/1-1-1024x576.jpeg\" alt=\"\" class=\"wp-image-64584 lazyload\" data-srcset=\"https:\/\/eldiariodesanpedro.com.ar\/sitio\/wp-content\/uploads\/2019\/11\/1-1-1024x576.jpeg 1024w, https:\/\/eldiariodesanpedro.com.ar\/sitio\/wp-content\/uploads\/2019\/11\/1-1-300x169.jpeg 300w, https:\/\/eldiariodesanpedro.com.ar\/sitio\/wp-content\/uploads\/2019\/11\/1-1-768x432.jpeg 768w, https:\/\/eldiariodesanpedro.com.ar\/sitio\/wp-content\/uploads\/2019\/11\/1-1-800x450.jpeg 800w, https:\/\/eldiariodesanpedro.com.ar\/sitio\/wp-content\/uploads\/2019\/11\/1-1.jpeg 1280w\" data-sizes=\"(max-width: 1024px) 100vw, 1024px\" src=\"data:image\/svg+xml;base64,PHN2ZyB3aWR0aD0iMSIgaGVpZ2h0PSIxIiB4bWxucz0iaHR0cDovL3d3dy53My5vcmcvMjAwMC9zdmciPjwvc3ZnPg==\" style=\"--smush-placeholder-width: 1024px; --smush-placeholder-aspect-ratio: 1024\/576;\" \/><\/figure>\n","protected":false},"excerpt":{"rendered":"<p>Funcionarios, estudiantes y representantes del sector tur\u00edstico de la Municipalidad de San Fernando visitaron el s\u00e1bado nuestra ciudad y fueron recibidos por la Direcci\u00f3n de Turismo de San Pedro iniciando un intercambio que permitir\u00e1 tambi\u00e9n a una delegaci\u00f3n local concretar una visita similar en el futuro en esa zona con una importante oferta tur\u00edstica. El [&hellip;]<\/p>\n","protected":false},"author":4,"featured_media":64585,"comment_status":"open","ping_status":"closed","sticky":false,"template":"","format":"standard","meta":{"om_disable_all_campaigns":false,"_jetpack_memberships_contains_paid_content":false,"footnotes":""},"categories":[101,2],"tags":[],"class_list":["post-64583","post","type-post","status-publish","format-standard","has-post-thumbnail","hentry","category-interes-general-locales","category-locales"],"aioseo_notices":[],"gutentor_comment":0,"jetpack_featured_media_url":"https:\/\/eldiariodesanpedro.com.ar\/sitio\/wp-content\/uploads\/2019\/11\/3-1.jpeg","jetpack_shortlink":"https:\/\/wp.me\/p6RhLt-gNF","jetpack_sharing_enabled":true,"_links":{"self":[{"href":"https:\/\/eldiariodesanpedro.com.ar\/sitio\/wp-json\/wp\/v2\/posts\/64583","targetHints":{"allow":["GET"]}}],"collection":[{"href":"https:\/\/eldiariodesanpedro.com.ar\/sitio\/wp-json\/wp\/v2\/posts"}],"about":[{"href":"https:\/\/eldiariodesanpedro.com.ar\/sitio\/wp-json\/wp\/v2\/types\/post"}],"author":[{"embeddable":true,"href":"https:\/\/eldiariodesanpedro.com.ar\/sitio\/wp-json\/wp\/v2\/users\/4"}],"replies":[{"embeddable":true,"href":"https:\/\/eldiariodesanpedro.com.ar\/sitio\/wp-json\/wp\/v2\/comments?post=64583"}],"version-history":[{"count":1,"href":"https:\/\/eldiariodesanpedro.com.ar\/sitio\/wp-json\/wp\/v2\/posts\/64583\/revisions"}],"predecessor-version":[{"id":64586,"href":"https:\/\/eldiariodesanpedro.com.ar\/sitio\/wp-json\/wp\/v2\/posts\/64583\/revisions\/64586"}],"wp:featuredmedia":[{"embeddable":true,"href":"https:\/\/eldiariodesanpedro.com.ar\/sitio\/wp-json\/wp\/v2\/media\/64585"}],"wp:attachment":[{"href":"https:\/\/eldiariodesanpedro.com.ar\/sitio\/wp-json\/wp\/v2\/media?parent=64583"}],"wp:term":[{"taxonomy":"category","embeddable":true,"href":"https:\/\/eldiariodesanpedro.com.ar\/sitio\/wp-json\/wp\/v2\/categories?post=64583"},{"taxonomy":"post_tag","embeddable":true,"href":"https:\/\/eldiariodesanpedro.com.ar\/sitio\/wp-json\/wp\/v2\/tags?post=64583"}],"curies":[{"name":"wp","href":"https:\/\/api.w.org\/{rel}","templated":true}]}}