{"id":64580,"date":"2019-11-25T17:53:57","date_gmt":"2019-11-25T20:53:57","guid":{"rendered":"https:\/\/eldiariodesanpedro.com.ar\/sitio\/?p=64580"},"modified":"2019-11-25T17:54:02","modified_gmt":"2019-11-25T20:54:02","slug":"la-creadora-de-la-red-de-primeros-auxilios-emocionales-brinda-una-charla-profesional-sobre-suicidios","status":"publish","type":"post","link":"https:\/\/eldiariodesanpedro.com.ar\/sitio\/la-creadora-de-la-red-de-primeros-auxilios-emocionales-brinda-una-charla-profesional-sobre-suicidios\/","title":{"rendered":"La creadora de la red de Primeros Auxilios Emocionales brinda una charla profesional sobre suicidios"},"content":{"rendered":"<!-- VideographyWP Plugin Message: Automatic video embedding prevented by plugin options. -->\n\n<p>El pr\u00f3ximo domingo 1\u00ba de diciembre a las 17 en el Sal\u00f3n de los Espejos del Centro de Comercio, Industria y Turismo, se brindar\u00e1 una charla profesional a cargo de la Licenciada Alicia Galfas\u00f3, creadora de la Red PAE (Primeros Auxilios Emocionales), especialista en Psicotraumatologia y Psicolog\u00eda de la Emergencia y Trainer Internacional de Equipos de Primera Respuesta, entre otros puntos relevantes de su perfil.<\/p>\n\n\n\n<p>La actividad es organizada a nivel local por la Asociaci\u00f3n de Bomberos Voluntarios que participa de la Red mencionada, y con el acompa\u00f1amiento de nuestra entidad.<\/p>\n\n\n\n<p>El encuentro tiene como destinatarios principales a quienes intervienen en el abordaje de este tema complejo desde el acompa\u00f1amiento y la asistencia de situaciones previas o posteriores a episodios de este tipo. En el temario se destacan ejes tales como, Suicidio y Para suicidio, Contexto Biopsicosocial, Comunicaci\u00f3n por redes sociales, lenguaje verbal y no verbal e intervenciones y autocuidado, entre otras.<\/p>\n\n\n\n<p>Por la sensibilidad e importancia de la tem\u00e1tica sobre la que desde Bomberos de San Pedro se viene capacitando a miembros del cuerpo activo desde hace tiempo, es muy importante la participaci\u00f3n de Psic\u00f3logos, M\u00e9dicos, Trabajadores Sociales, Docentes, Psicopegadogos, Acompa\u00f1antes Terap\u00e9uticos, Enfermeros, Bomberos, Polic\u00eda, Prefectura, Personal de \u00c1rea de Emergencias, Docentes y afines.<\/p>\n\n\n\n<p>La Red PAE est\u00e1 formada por una gran cantidad de miembros que pertenecen a distintos organismos, instituciones, profesiones y est\u00e1n distribuidos por todo el pa\u00eds y el exterior, entrenados y capacitados para asistir en emergencias y desastres y para brindar capacitaciones b\u00e1sicas en primeros auxilios emocionales a instituciones que lo solicitan.<\/p>\n\n\n\n<p><strong>Los interesados deben confirmar su asistencia con una inscripci\u00f3n previa por correo electr\u00f3nico a&nbsp;<a href=\"mailto:secretaria@bomberosdesanpedro.org.ar\" target=\"_blank\" rel=\"noreferrer noopener\">secretaria@bomberosdesanpedro.org.ar<\/a>&nbsp;o telef\u00f3nicamente al 424263 en donde podr\u00e1n obtener m\u00e1s informaci\u00f3n.<\/strong><\/p>\n\n\n\n<p><strong>Asociaci\u00f3n de Bomberos Voluntarios de San Pedro &#8211; Centro de Comercio e Industria&nbsp;<br>25 de Noviembre de 2019&nbsp;<\/strong><\/p>\n","protected":false},"excerpt":{"rendered":"<p>El pr\u00f3ximo domingo 1\u00ba de diciembre a las 17 en el Sal\u00f3n de los Espejos del Centro de Comercio, Industria y Turismo, se brindar\u00e1 una charla profesional a cargo de la Licenciada Alicia Galfas\u00f3, creadora de la Red PAE (Primeros Auxilios Emocionales), especialista en Psicotraumatologia y Psicolog\u00eda de la Emergencia y Trainer Internacional de Equipos [&hellip;]<\/p>\n","protected":false},"author":4,"featured_media":64581,"comment_status":"open","ping_status":"closed","sticky":false,"template":"","format":"standard","meta":{"om_disable_all_campaigns":false,"_jetpack_memberships_contains_paid_content":false,"footnotes":""},"categories":[101,2],"tags":[],"class_list":["post-64580","post","type-post","status-publish","format-standard","has-post-thumbnail","hentry","category-interes-general-locales","category-locales"],"aioseo_notices":[],"gutentor_comment":0,"jetpack_featured_media_url":"https:\/\/eldiariodesanpedro.com.ar\/sitio\/wp-content\/uploads\/2019\/11\/PAE.jpg","jetpack_shortlink":"https:\/\/wp.me\/p6RhLt-gNC","jetpack_sharing_enabled":true,"_links":{"self":[{"href":"https:\/\/eldiariodesanpedro.com.ar\/sitio\/wp-json\/wp\/v2\/posts\/64580","targetHints":{"allow":["GET"]}}],"collection":[{"href":"https:\/\/eldiariodesanpedro.com.ar\/sitio\/wp-json\/wp\/v2\/posts"}],"about":[{"href":"https:\/\/eldiariodesanpedro.com.ar\/sitio\/wp-json\/wp\/v2\/types\/post"}],"author":[{"embeddable":true,"href":"https:\/\/eldiariodesanpedro.com.ar\/sitio\/wp-json\/wp\/v2\/users\/4"}],"replies":[{"embeddable":true,"href":"https:\/\/eldiariodesanpedro.com.ar\/sitio\/wp-json\/wp\/v2\/comments?post=64580"}],"version-history":[{"count":1,"href":"https:\/\/eldiariodesanpedro.com.ar\/sitio\/wp-json\/wp\/v2\/posts\/64580\/revisions"}],"predecessor-version":[{"id":64582,"href":"https:\/\/eldiariodesanpedro.com.ar\/sitio\/wp-json\/wp\/v2\/posts\/64580\/revisions\/64582"}],"wp:featuredmedia":[{"embeddable":true,"href":"https:\/\/eldiariodesanpedro.com.ar\/sitio\/wp-json\/wp\/v2\/media\/64581"}],"wp:attachment":[{"href":"https:\/\/eldiariodesanpedro.com.ar\/sitio\/wp-json\/wp\/v2\/media?parent=64580"}],"wp:term":[{"taxonomy":"category","embeddable":true,"href":"https:\/\/eldiariodesanpedro.com.ar\/sitio\/wp-json\/wp\/v2\/categories?post=64580"},{"taxonomy":"post_tag","embeddable":true,"href":"https:\/\/eldiariodesanpedro.com.ar\/sitio\/wp-json\/wp\/v2\/tags?post=64580"}],"curies":[{"name":"wp","href":"https:\/\/api.w.org\/{rel}","templated":true}]}}