{"id":64577,"date":"2019-11-25T17:50:28","date_gmt":"2019-11-25T20:50:28","guid":{"rendered":"https:\/\/eldiariodesanpedro.com.ar\/sitio\/?p=64577"},"modified":"2019-11-25T17:50:34","modified_gmt":"2019-11-25T20:50:34","slug":"san-nicolas-desde-este-lunes-se-aplican-las-suspensiones-en-motomel","status":"publish","type":"post","link":"https:\/\/eldiariodesanpedro.com.ar\/sitio\/san-nicolas-desde-este-lunes-se-aplican-las-suspensiones-en-motomel\/","title":{"rendered":"SAN NICOL\u00c1S | Desde este lunes se aplican las suspensiones en Motomel"},"content":{"rendered":"<!-- VideographyWP Plugin Message: Automatic video embedding prevented by plugin options. -->\n\n<p>La planta de ensamblado de motopartes que la empresa Motomel tiene en La Emilia volver\u00e1 a frenar a cero su producci\u00f3n. Ser\u00e1 entre hoy lunes 25 y s\u00e1bado 30 de noviembre, d\u00edas en los cuales el personal de l\u00edneas de producci\u00f3n estar\u00e1n suspendidos y percibir\u00e1n el 50 por ciento del salario correspondiente a esos d\u00edas. Solo se mantendr\u00e1n activos los sectores de log\u00edstica y despacho.En medio de una larga crisis por la ca\u00edda de la demanda, la empresa busca con esta medida no sobrestockearse de productos que despu\u00e9s no tengan salida.<\/p>\n\n\n\n<p>La empresa atraviesa desde hace tiempo una dura situaci\u00f3n respecto a la ca\u00edda de venta y a la fabricaci\u00f3n en general de los ciclomotores.Con una ca\u00edda anual en las ventas cercana al 46%, octubre no fue excepci\u00f3n y volvi\u00f3 a registrar n\u00fameros negativos: de acuerdo con el informe mensual de la Asociaci\u00f3n de Concesionarios de Automotores de la Rep\u00fablica Argentina, el mes pasado se patentaron 975 veh\u00edculos pesados, lo que representa un 22,99% menos que el a\u00f1o pasado \u2013cuando se patentaron 1266 unidades\u2013 y un 1,02% menos en comparaci\u00f3n con septiembre \u2013cuando se registraron 985 unidades\u2013.<br> En lo que respecta al acumulado a lo largo de los diez primeros meses de 2019, es de 285.620 unidades, es decir un 44,6 por ciento menos que en el mismo per\u00edodo del a\u00f1o anterior, en el que se comercializaron 515.593 motoveh\u00edculos.<\/p>\n\n\n\n<p>Fuente: Diario El Norte<\/p>\n","protected":false},"excerpt":{"rendered":"<p>La planta de ensamblado de motopartes que la empresa Motomel tiene en La Emilia volver\u00e1 a frenar a cero su producci\u00f3n. Ser\u00e1 entre hoy lunes 25 y s\u00e1bado 30 de noviembre, d\u00edas en los cuales el personal de l\u00edneas de producci\u00f3n estar\u00e1n suspendidos y percibir\u00e1n el 50 por ciento del salario correspondiente a esos d\u00edas. [&hellip;]<\/p>\n","protected":false},"author":4,"featured_media":64578,"comment_status":"open","ping_status":"closed","sticky":false,"template":"","format":"standard","meta":{"om_disable_all_campaigns":false,"_jetpack_memberships_contains_paid_content":false,"footnotes":""},"categories":[621],"tags":[],"class_list":["post-64577","post","type-post","status-publish","format-standard","has-post-thumbnail","hentry","category-regionales"],"aioseo_notices":[],"gutentor_comment":0,"jetpack_featured_media_url":"https:\/\/eldiariodesanpedro.com.ar\/sitio\/wp-content\/uploads\/2019\/11\/0-8.jpg","jetpack_shortlink":"https:\/\/wp.me\/p6RhLt-gNz","jetpack_sharing_enabled":true,"_links":{"self":[{"href":"https:\/\/eldiariodesanpedro.com.ar\/sitio\/wp-json\/wp\/v2\/posts\/64577","targetHints":{"allow":["GET"]}}],"collection":[{"href":"https:\/\/eldiariodesanpedro.com.ar\/sitio\/wp-json\/wp\/v2\/posts"}],"about":[{"href":"https:\/\/eldiariodesanpedro.com.ar\/sitio\/wp-json\/wp\/v2\/types\/post"}],"author":[{"embeddable":true,"href":"https:\/\/eldiariodesanpedro.com.ar\/sitio\/wp-json\/wp\/v2\/users\/4"}],"replies":[{"embeddable":true,"href":"https:\/\/eldiariodesanpedro.com.ar\/sitio\/wp-json\/wp\/v2\/comments?post=64577"}],"version-history":[{"count":1,"href":"https:\/\/eldiariodesanpedro.com.ar\/sitio\/wp-json\/wp\/v2\/posts\/64577\/revisions"}],"predecessor-version":[{"id":64579,"href":"https:\/\/eldiariodesanpedro.com.ar\/sitio\/wp-json\/wp\/v2\/posts\/64577\/revisions\/64579"}],"wp:featuredmedia":[{"embeddable":true,"href":"https:\/\/eldiariodesanpedro.com.ar\/sitio\/wp-json\/wp\/v2\/media\/64578"}],"wp:attachment":[{"href":"https:\/\/eldiariodesanpedro.com.ar\/sitio\/wp-json\/wp\/v2\/media?parent=64577"}],"wp:term":[{"taxonomy":"category","embeddable":true,"href":"https:\/\/eldiariodesanpedro.com.ar\/sitio\/wp-json\/wp\/v2\/categories?post=64577"},{"taxonomy":"post_tag","embeddable":true,"href":"https:\/\/eldiariodesanpedro.com.ar\/sitio\/wp-json\/wp\/v2\/tags?post=64577"}],"curies":[{"name":"wp","href":"https:\/\/api.w.org\/{rel}","templated":true}]}}