{"id":64574,"date":"2019-11-25T17:47:58","date_gmt":"2019-11-25T20:47:58","guid":{"rendered":"https:\/\/eldiariodesanpedro.com.ar\/sitio\/?p=64574"},"modified":"2019-11-25T17:48:04","modified_gmt":"2019-11-25T20:48:04","slug":"san-nicolas-policia-ebrio-aprehendido-por-disturbios-y-agresion","status":"publish","type":"post","link":"https:\/\/eldiariodesanpedro.com.ar\/sitio\/san-nicolas-policia-ebrio-aprehendido-por-disturbios-y-agresion\/","title":{"rendered":"SAN NICOL\u00c1S | Polic\u00eda ebrio aprehendido por disturbios y agresi\u00f3n"},"content":{"rendered":"<!-- VideographyWP Plugin Message: Automatic video embedding prevented by plugin options. -->\n\n<p>\n\nAlrededor de las 2 de la madrugada de este domingo, fue aprehendido un hombre de 35 a\u00f1os de apellido Alegre en Av. Savio entre Necochea y Falc\u00f3n. El sujeto, que tiene domicilio en B\u00b0 Suizo, es exnumerario de la Polic\u00eda Local San Nicol\u00e1s y actualmente cumple servicio en el Comando de Patrullas Norte de La Matanza.<\/p>\n\n\n\n<p>Antes de ser reducido, habr\u00eda querido sustraer tel\u00e9fonos celulares a un grupo de menores, bajo intimidaci\u00f3n verbal y completamente alcoholizado, fuera de si. Adem\u00e1s, el sujeto pateaba los autos estacionados y realizaba disturbios en la v\u00eda p\u00fablica.<\/p>\n\n\n\n<p>Intervinieron agentes de la Polic\u00eda Local que al intentar mantener un di\u00e1logo con \u00e9l para calmarlo, el hombre se torn\u00f3 hostil y golpe\u00f3 a dos efectivos. R\u00e1pidamente lograron reducirlo y lo trasladaron a sede policial.<\/p>\n\n\n\n<p>Se iniciaron acciones por \u201cAtentado y resistencia a la autoridad\u201d con intervenci\u00f3n de la UFI N\u00b01 a cargo de la Dra. Marcantonio.<\/p>\n\n\n\n<p>El sujeto hab\u00eda sido expulsado de la Escuela de Polic\u00eda Juan Vucetich de La Plata por un episodio similar en un boliche de ese localidad. Luego ingres\u00f3 a la Polic\u00eda Local de San Nicol\u00e1s, desde donde tambi\u00e9n fue expulsado al no aprobar el examen psicol\u00f3gico. Actualmente prestaba servicio en el Comando de Patrullas Norte de La Matanza.<\/p>\n\n\n\n<p>Ahora se aguarda la intervenci\u00f3n de Asuntos Internos y que sea expulsado definitivamente de la fuerza. <\/p>\n\n\n\n<p>Fuente: Diario El Informante<\/p>\n","protected":false},"excerpt":{"rendered":"<p>Alrededor de las 2 de la madrugada de este domingo, fue aprehendido un hombre de 35 a\u00f1os de apellido Alegre en Av. Savio entre Necochea y Falc\u00f3n. El sujeto, que tiene domicilio en B\u00b0 Suizo, es exnumerario de la Polic\u00eda Local San Nicol\u00e1s y actualmente cumple servicio en el Comando de Patrullas Norte de La [&hellip;]<\/p>\n","protected":false},"author":4,"featured_media":64575,"comment_status":"open","ping_status":"closed","sticky":false,"template":"","format":"standard","meta":{"om_disable_all_campaigns":false,"_jetpack_memberships_contains_paid_content":false,"footnotes":""},"categories":[621],"tags":[],"class_list":["post-64574","post","type-post","status-publish","format-standard","has-post-thumbnail","hentry","category-regionales"],"aioseo_notices":[],"gutentor_comment":0,"jetpack_featured_media_url":"https:\/\/eldiariodesanpedro.com.ar\/sitio\/wp-content\/uploads\/2019\/11\/no_i75jaf1ux91qs8gpatrullero_noche.jpg","jetpack_shortlink":"https:\/\/wp.me\/p6RhLt-gNw","jetpack_sharing_enabled":true,"_links":{"self":[{"href":"https:\/\/eldiariodesanpedro.com.ar\/sitio\/wp-json\/wp\/v2\/posts\/64574","targetHints":{"allow":["GET"]}}],"collection":[{"href":"https:\/\/eldiariodesanpedro.com.ar\/sitio\/wp-json\/wp\/v2\/posts"}],"about":[{"href":"https:\/\/eldiariodesanpedro.com.ar\/sitio\/wp-json\/wp\/v2\/types\/post"}],"author":[{"embeddable":true,"href":"https:\/\/eldiariodesanpedro.com.ar\/sitio\/wp-json\/wp\/v2\/users\/4"}],"replies":[{"embeddable":true,"href":"https:\/\/eldiariodesanpedro.com.ar\/sitio\/wp-json\/wp\/v2\/comments?post=64574"}],"version-history":[{"count":1,"href":"https:\/\/eldiariodesanpedro.com.ar\/sitio\/wp-json\/wp\/v2\/posts\/64574\/revisions"}],"predecessor-version":[{"id":64576,"href":"https:\/\/eldiariodesanpedro.com.ar\/sitio\/wp-json\/wp\/v2\/posts\/64574\/revisions\/64576"}],"wp:featuredmedia":[{"embeddable":true,"href":"https:\/\/eldiariodesanpedro.com.ar\/sitio\/wp-json\/wp\/v2\/media\/64575"}],"wp:attachment":[{"href":"https:\/\/eldiariodesanpedro.com.ar\/sitio\/wp-json\/wp\/v2\/media?parent=64574"}],"wp:term":[{"taxonomy":"category","embeddable":true,"href":"https:\/\/eldiariodesanpedro.com.ar\/sitio\/wp-json\/wp\/v2\/categories?post=64574"},{"taxonomy":"post_tag","embeddable":true,"href":"https:\/\/eldiariodesanpedro.com.ar\/sitio\/wp-json\/wp\/v2\/tags?post=64574"}],"curies":[{"name":"wp","href":"https:\/\/api.w.org\/{rel}","templated":true}]}}