{"id":64571,"date":"2019-11-25T17:46:29","date_gmt":"2019-11-25T20:46:29","guid":{"rendered":"https:\/\/eldiariodesanpedro.com.ar\/sitio\/?p=64571"},"modified":"2019-11-25T17:46:33","modified_gmt":"2019-11-25T20:46:33","slug":"campana-vuelca-una-camioneta-en-la-zona-de-ruta-6-y-avenida-mitre","status":"publish","type":"post","link":"https:\/\/eldiariodesanpedro.com.ar\/sitio\/campana-vuelca-una-camioneta-en-la-zona-de-ruta-6-y-avenida-mitre\/","title":{"rendered":"CAMPANA | Vuelca una camioneta en la zona de Ruta 6 y Avenida Mitre"},"content":{"rendered":"<!-- VideographyWP Plugin Message: Automatic video embedding prevented by plugin options. -->\n\n<p> El hecho ocurri\u00f3 en horas de esta ma\u00f1ana, cuando un veh\u00edculo 4&#215;4 acab\u00f3 dado vuelta sobre el asfalto cerca del cruce. El conductor fue trasladado al hospital, quedando el carril afectado, limitado en su circulaci\u00f3n.<\/p>\n\n\n\n<p>\n\nAcontec\u00edan las 11:20 de la ma\u00f1ana cuando, en un contexto de fuertes precipitaciones, se produce un accidente que tuvo como protagonista a una camioneta Ford Ranger 4&#215;4, en manos de Ricardo Rub\u00e9n Guarino. Como resultado del siniestro, el veh\u00edculo acab\u00f3 \u201cpatas arriba\u201d sobre el pavimento.<\/p>\n\n\n\n<p>R\u00e1pidamente se hicieron presentes en la escena Comando Patrulla y un m\u00f3vil del Same, encarg\u00e1ndose este \u00faltimo del traslado de Guarino al hospital local. A su vez, en respuesta a lo ocurrido, se mantuvo limitada la circulaci\u00f3n en el carril afectado.<\/p>\n\n\n\n<p>Por fortuna, el mayor da\u00f1o parece haber sido el material. Por su parte, el conductor recibi\u00f3 eficazmente atenci\u00f3n m\u00e9dica, y fue derivado a una segunda instituci\u00f3n por medio de su ART. Sorprendente desenlace si se considera la situaci\u00f3n en la que acab\u00f3 su veh\u00edculo. <\/p>\n\n\n\n<p>Fuente: Campana Noticias<\/p>\n","protected":false},"excerpt":{"rendered":"<p>El hecho ocurri\u00f3 en horas de esta ma\u00f1ana, cuando un veh\u00edculo 4&#215;4 acab\u00f3 dado vuelta sobre el asfalto cerca del cruce. El conductor fue trasladado al hospital, quedando el carril afectado, limitado en su circulaci\u00f3n. Acontec\u00edan las 11:20 de la ma\u00f1ana cuando, en un contexto de fuertes precipitaciones, se produce un accidente que tuvo como [&hellip;]<\/p>\n","protected":false},"author":4,"featured_media":64572,"comment_status":"open","ping_status":"closed","sticky":false,"template":"","format":"standard","meta":{"om_disable_all_campaigns":false,"_jetpack_memberships_contains_paid_content":false,"footnotes":""},"categories":[621],"tags":[],"class_list":["post-64571","post","type-post","status-publish","format-standard","has-post-thumbnail","hentry","category-regionales"],"aioseo_notices":[],"gutentor_comment":0,"jetpack_featured_media_url":"https:\/\/eldiariodesanpedro.com.ar\/sitio\/wp-content\/uploads\/2019\/11\/20191125121721.jpg","jetpack_shortlink":"https:\/\/wp.me\/p6RhLt-gNt","jetpack_sharing_enabled":true,"_links":{"self":[{"href":"https:\/\/eldiariodesanpedro.com.ar\/sitio\/wp-json\/wp\/v2\/posts\/64571","targetHints":{"allow":["GET"]}}],"collection":[{"href":"https:\/\/eldiariodesanpedro.com.ar\/sitio\/wp-json\/wp\/v2\/posts"}],"about":[{"href":"https:\/\/eldiariodesanpedro.com.ar\/sitio\/wp-json\/wp\/v2\/types\/post"}],"author":[{"embeddable":true,"href":"https:\/\/eldiariodesanpedro.com.ar\/sitio\/wp-json\/wp\/v2\/users\/4"}],"replies":[{"embeddable":true,"href":"https:\/\/eldiariodesanpedro.com.ar\/sitio\/wp-json\/wp\/v2\/comments?post=64571"}],"version-history":[{"count":1,"href":"https:\/\/eldiariodesanpedro.com.ar\/sitio\/wp-json\/wp\/v2\/posts\/64571\/revisions"}],"predecessor-version":[{"id":64573,"href":"https:\/\/eldiariodesanpedro.com.ar\/sitio\/wp-json\/wp\/v2\/posts\/64571\/revisions\/64573"}],"wp:featuredmedia":[{"embeddable":true,"href":"https:\/\/eldiariodesanpedro.com.ar\/sitio\/wp-json\/wp\/v2\/media\/64572"}],"wp:attachment":[{"href":"https:\/\/eldiariodesanpedro.com.ar\/sitio\/wp-json\/wp\/v2\/media?parent=64571"}],"wp:term":[{"taxonomy":"category","embeddable":true,"href":"https:\/\/eldiariodesanpedro.com.ar\/sitio\/wp-json\/wp\/v2\/categories?post=64571"},{"taxonomy":"post_tag","embeddable":true,"href":"https:\/\/eldiariodesanpedro.com.ar\/sitio\/wp-json\/wp\/v2\/tags?post=64571"}],"curies":[{"name":"wp","href":"https:\/\/api.w.org\/{rel}","templated":true}]}}