{"id":64568,"date":"2019-11-25T17:44:42","date_gmt":"2019-11-25T20:44:42","guid":{"rendered":"https:\/\/eldiariodesanpedro.com.ar\/sitio\/?p=64568"},"modified":"2019-11-25T17:44:47","modified_gmt":"2019-11-25T20:44:47","slug":"ramallo-fallecen-dos-jovenes-en-diferentes-accidentes-con-motos","status":"publish","type":"post","link":"https:\/\/eldiariodesanpedro.com.ar\/sitio\/ramallo-fallecen-dos-jovenes-en-diferentes-accidentes-con-motos\/","title":{"rendered":"RAMALLO | Fallecen dos j\u00f3venes en diferentes accidentes con motos"},"content":{"rendered":"<!-- VideographyWP Plugin Message: Automatic video embedding prevented by plugin options. -->\n\n<p>Dos j\u00f3venes perdieron la vida en distintos accidentes durante este domingo 25 de noviembre.<\/p>\n\n\n\n<p>Un muchacho de 19 a\u00f1os muri\u00f3 alrededor de las 6.30 horas, cuando viajaba en moto hacia Villa Ramallo donde iba a trabajar.<\/p>\n\n\n\n<p>Por razones que se investigan, cay\u00f3 de su moto, golpe\u00f3 su cabeza contra el asfalto y muri\u00f3. El hecho ocurri\u00f3 en el acceso a la ciudad de Ramallo, en Avenida San Mart\u00edn y Santa Rosa.<\/p>\n\n\n\n<p>Por la tarde, en el otro ingreso a Ramallo por el Camino de la Costa, chocaron dos motos que circulaban en el mismo sentido. Como consecuencia del golpe, una joven de 17 a\u00f1os, que viajaba como acompa\u00f1ante, falleci\u00f3 en el Hospital San Felipe, producto de las heridas.<\/p>\n\n\n\n<p>En ambos casos, las v\u00edctimas no llevaban el casco reglamentario.<\/p>\n\n\n\n<p>Fuente: Ramallo Ciudad<\/p>\n","protected":false},"excerpt":{"rendered":"<p>Dos j\u00f3venes perdieron la vida en distintos accidentes durante este domingo 25 de noviembre. Un muchacho de 19 a\u00f1os muri\u00f3 alrededor de las 6.30 horas, cuando viajaba en moto hacia Villa Ramallo donde iba a trabajar. Por razones que se investigan, cay\u00f3 de su moto, golpe\u00f3 su cabeza contra el asfalto y muri\u00f3. El hecho [&hellip;]<\/p>\n","protected":false},"author":4,"featured_media":64569,"comment_status":"open","ping_status":"closed","sticky":false,"template":"","format":"standard","meta":{"om_disable_all_campaigns":false,"_jetpack_memberships_contains_paid_content":false,"footnotes":""},"categories":[621],"tags":[],"class_list":["post-64568","post","type-post","status-publish","format-standard","has-post-thumbnail","hentry","category-regionales"],"aioseo_notices":[],"gutentor_comment":0,"jetpack_featured_media_url":"https:\/\/eldiariodesanpedro.com.ar\/sitio\/wp-content\/uploads\/2019\/11\/bbx_513128281_1_accidentes_motos.jpg","jetpack_shortlink":"https:\/\/wp.me\/p6RhLt-gNq","jetpack_sharing_enabled":true,"_links":{"self":[{"href":"https:\/\/eldiariodesanpedro.com.ar\/sitio\/wp-json\/wp\/v2\/posts\/64568","targetHints":{"allow":["GET"]}}],"collection":[{"href":"https:\/\/eldiariodesanpedro.com.ar\/sitio\/wp-json\/wp\/v2\/posts"}],"about":[{"href":"https:\/\/eldiariodesanpedro.com.ar\/sitio\/wp-json\/wp\/v2\/types\/post"}],"author":[{"embeddable":true,"href":"https:\/\/eldiariodesanpedro.com.ar\/sitio\/wp-json\/wp\/v2\/users\/4"}],"replies":[{"embeddable":true,"href":"https:\/\/eldiariodesanpedro.com.ar\/sitio\/wp-json\/wp\/v2\/comments?post=64568"}],"version-history":[{"count":1,"href":"https:\/\/eldiariodesanpedro.com.ar\/sitio\/wp-json\/wp\/v2\/posts\/64568\/revisions"}],"predecessor-version":[{"id":64570,"href":"https:\/\/eldiariodesanpedro.com.ar\/sitio\/wp-json\/wp\/v2\/posts\/64568\/revisions\/64570"}],"wp:featuredmedia":[{"embeddable":true,"href":"https:\/\/eldiariodesanpedro.com.ar\/sitio\/wp-json\/wp\/v2\/media\/64569"}],"wp:attachment":[{"href":"https:\/\/eldiariodesanpedro.com.ar\/sitio\/wp-json\/wp\/v2\/media?parent=64568"}],"wp:term":[{"taxonomy":"category","embeddable":true,"href":"https:\/\/eldiariodesanpedro.com.ar\/sitio\/wp-json\/wp\/v2\/categories?post=64568"},{"taxonomy":"post_tag","embeddable":true,"href":"https:\/\/eldiariodesanpedro.com.ar\/sitio\/wp-json\/wp\/v2\/tags?post=64568"}],"curies":[{"name":"wp","href":"https:\/\/api.w.org\/{rel}","templated":true}]}}