{"id":64565,"date":"2019-11-25T17:42:16","date_gmt":"2019-11-25T20:42:16","guid":{"rendered":"https:\/\/eldiariodesanpedro.com.ar\/sitio\/?p=64565"},"modified":"2019-11-25T17:42:21","modified_gmt":"2019-11-25T20:42:21","slug":"campana-evitaron-la-fuga-de-dos-presos-en-la-unidad-penal-21","status":"publish","type":"post","link":"https:\/\/eldiariodesanpedro.com.ar\/sitio\/campana-evitaron-la-fuga-de-dos-presos-en-la-unidad-penal-21\/","title":{"rendered":"CAMPANA | Evitaron la fuga de dos presos en la Unidad Penal 21"},"content":{"rendered":"<!-- VideographyWP Plugin Message: Automatic video embedding prevented by plugin options. -->\n\n<p>Dos internos de una c\u00e1rcel del Servicio Penitenciario Bonaerense fueron atrapados cuando intentaban fugarse de la unidad penal en la que est\u00e1n alojados cumpliendo condenas.<\/p>\n\n\n\n<p>Sucedi\u00f3 en Campana y fue revelado por el medio local La Aut\u00e9ntica Defensa, que consign\u00f3 que el intento de fuga tuvo lugar el virnes, alrededor de las 4.30 de la madrugada en la Unidad Penal 21 del Complejo Penitenciario ubicada en esa ciudad.<\/p>\n\n\n\n<p>Los interno fueron reducidos sobre el techo de uno de los pabellones de m\u00e1xima seguridad por los efectivos del Servicio Penitenciario Bonaerense, que los habian visto en el parque de la c\u00e1rcel.<\/p>\n\n\n\n<p>Los reos estaban&nbsp;M\u00f3dulo A, Pabell\u00f3n 2, Celda 242 y habr\u00edan roto una claraboya de la celda para luego forzar una reja y salir hacia el exterior con fines de fuga.<\/p>\n\n\n\n<p>El personal de la Guardia de Seguridad Exterior que los divis\u00f3 les dio la voz de alto y efectu\u00f3 disparos con postas de goma para disuadirlos. Los redujeron en el techo del pabell\u00f3n seis y en el patio encontraron una soga hecha con s\u00e1banas\u00a0en cuyo extremo hab\u00eda una madera a manera de gancho o traba.<\/p>\n\n\n\n<p>Fuente: Impacto Local<\/p>\n","protected":false},"excerpt":{"rendered":"<p>Dos internos de una c\u00e1rcel del Servicio Penitenciario Bonaerense fueron atrapados cuando intentaban fugarse de la unidad penal en la que est\u00e1n alojados cumpliendo condenas. Sucedi\u00f3 en Campana y fue revelado por el medio local La Aut\u00e9ntica Defensa, que consign\u00f3 que el intento de fuga tuvo lugar el virnes, alrededor de las 4.30 de la [&hellip;]<\/p>\n","protected":false},"author":4,"featured_media":64566,"comment_status":"open","ping_status":"closed","sticky":false,"template":"","format":"standard","meta":{"om_disable_all_campaigns":false,"_jetpack_memberships_contains_paid_content":false,"footnotes":""},"categories":[621],"tags":[],"class_list":["post-64565","post","type-post","status-publish","format-standard","has-post-thumbnail","hentry","category-regionales"],"aioseo_notices":[],"gutentor_comment":0,"jetpack_featured_media_url":"https:\/\/eldiariodesanpedro.com.ar\/sitio\/wp-content\/uploads\/2019\/11\/191123-9.jpg","jetpack_shortlink":"https:\/\/wp.me\/p6RhLt-gNn","jetpack_sharing_enabled":true,"_links":{"self":[{"href":"https:\/\/eldiariodesanpedro.com.ar\/sitio\/wp-json\/wp\/v2\/posts\/64565","targetHints":{"allow":["GET"]}}],"collection":[{"href":"https:\/\/eldiariodesanpedro.com.ar\/sitio\/wp-json\/wp\/v2\/posts"}],"about":[{"href":"https:\/\/eldiariodesanpedro.com.ar\/sitio\/wp-json\/wp\/v2\/types\/post"}],"author":[{"embeddable":true,"href":"https:\/\/eldiariodesanpedro.com.ar\/sitio\/wp-json\/wp\/v2\/users\/4"}],"replies":[{"embeddable":true,"href":"https:\/\/eldiariodesanpedro.com.ar\/sitio\/wp-json\/wp\/v2\/comments?post=64565"}],"version-history":[{"count":1,"href":"https:\/\/eldiariodesanpedro.com.ar\/sitio\/wp-json\/wp\/v2\/posts\/64565\/revisions"}],"predecessor-version":[{"id":64567,"href":"https:\/\/eldiariodesanpedro.com.ar\/sitio\/wp-json\/wp\/v2\/posts\/64565\/revisions\/64567"}],"wp:featuredmedia":[{"embeddable":true,"href":"https:\/\/eldiariodesanpedro.com.ar\/sitio\/wp-json\/wp\/v2\/media\/64566"}],"wp:attachment":[{"href":"https:\/\/eldiariodesanpedro.com.ar\/sitio\/wp-json\/wp\/v2\/media?parent=64565"}],"wp:term":[{"taxonomy":"category","embeddable":true,"href":"https:\/\/eldiariodesanpedro.com.ar\/sitio\/wp-json\/wp\/v2\/categories?post=64565"},{"taxonomy":"post_tag","embeddable":true,"href":"https:\/\/eldiariodesanpedro.com.ar\/sitio\/wp-json\/wp\/v2\/tags?post=64565"}],"curies":[{"name":"wp","href":"https:\/\/api.w.org\/{rel}","templated":true}]}}