{"id":64562,"date":"2019-11-25T17:40:46","date_gmt":"2019-11-25T20:40:46","guid":{"rendered":"https:\/\/eldiariodesanpedro.com.ar\/sitio\/?p=64562"},"modified":"2019-11-25T17:40:52","modified_gmt":"2019-11-25T20:40:52","slug":"el-gobierno-suspendio-hasta-febrero-el-aumento-del-gas-previsto-para-2020","status":"publish","type":"post","link":"https:\/\/eldiariodesanpedro.com.ar\/sitio\/el-gobierno-suspendio-hasta-febrero-el-aumento-del-gas-previsto-para-2020\/","title":{"rendered":"El Gobierno suspendi\u00f3 hasta febrero el aumento del gas previsto para 2020"},"content":{"rendered":"<!-- VideographyWP Plugin Message: Automatic video embedding prevented by plugin options. -->\n\n<p>A trav\u00e9s de la&nbsp;<strong>Resoluci\u00f3n 751\/2019<\/strong>&nbsp;publicada este lunes en el&nbsp;<strong>Bolet\u00edn Oficial<\/strong>, se determin\u00f3&nbsp;<strong>posponer un mes el aumento del cuadro tarifario del servicio de gas<\/strong>&nbsp;previsto para enero de 2020. As\u00ed, empezar\u00e1 a regir de acuerdo a lo previsto pero un mes m\u00e1s tarde. Originalmente las subas se iban a dar en octubre de este a\u00f1o pero se frenaron tras el resultado de las&nbsp;<strong>PASO<\/strong>.<\/p>\n\n\n\n<p>Seg\u00fan hab\u00eda comunicado el gobierno a comienzos del 2019, correspond\u00eda que en octubre se realizara un nuevo incremento en la tarifa del gas, de acuerdo con el cronograma programado que establec\u00eda una suba escalonado de las tarifas. Pero tras el duro resultado de las&nbsp;<strong>PASO<\/strong>, el gobierno hab\u00eda decidido suspenderlo y&nbsp;<strong>posponerlo para el mes de enero.<\/strong><\/p>\n\n\n\n<p>Sin embargo, la&nbsp;<strong>Secretaria de Energ\u00eda, a cargo de Gustavo Lopetegui<\/strong>, decidi\u00f3 prorrogar, nuevamente, un mes m\u00e1s el aumento en el cuadro tarifario. De esta manera, las nuevas tarifas de gas&nbsp;<strong>se ver\u00e1n reflejadas reci\u00e9n en las facturas del mes de febrero.<\/strong><\/p>\n\n\n\n<p>Acerca del motivo que llev\u00f3 al gobierno a tomar la decisi\u00f3n de, una vez m\u00e1s, posponer el aumento del gas, la resoluci\u00f3n explica: \u201c<strong>Con el fin del preservar el equilibrio econ\u00f3mico financiero de los contratos<\/strong>, se decidi\u00f3 que la v\u00eda m\u00e1s apta para ello consiste en la readecuaci\u00f3n de las obligaciones de las licenciatarias de transporte y distribuci\u00f3n de gas, esencialmente aquellas que impliquen inversiones obligatorias a su cargo, sin que ello afecte en modo alguno sus obligaciones frente a los usuarios abastecidos\u201d.<\/p>\n\n\n\n<p>Fuente: Impacto Local<\/p>\n","protected":false},"excerpt":{"rendered":"<p>A trav\u00e9s de la&nbsp;Resoluci\u00f3n 751\/2019&nbsp;publicada este lunes en el&nbsp;Bolet\u00edn Oficial, se determin\u00f3&nbsp;posponer un mes el aumento del cuadro tarifario del servicio de gas&nbsp;previsto para enero de 2020. As\u00ed, empezar\u00e1 a regir de acuerdo a lo previsto pero un mes m\u00e1s tarde. Originalmente las subas se iban a dar en octubre de este a\u00f1o pero se [&hellip;]<\/p>\n","protected":false},"author":4,"featured_media":64563,"comment_status":"open","ping_status":"closed","sticky":false,"template":"","format":"standard","meta":{"om_disable_all_campaigns":false,"_jetpack_memberships_contains_paid_content":false,"footnotes":""},"categories":[621],"tags":[],"class_list":["post-64562","post","type-post","status-publish","format-standard","has-post-thumbnail","hentry","category-regionales"],"aioseo_notices":[],"gutentor_comment":0,"jetpack_featured_media_url":"https:\/\/eldiariodesanpedro.com.ar\/sitio\/wp-content\/uploads\/2019\/11\/gas-696x392.jpg","jetpack_shortlink":"https:\/\/wp.me\/p6RhLt-gNk","jetpack_sharing_enabled":true,"_links":{"self":[{"href":"https:\/\/eldiariodesanpedro.com.ar\/sitio\/wp-json\/wp\/v2\/posts\/64562","targetHints":{"allow":["GET"]}}],"collection":[{"href":"https:\/\/eldiariodesanpedro.com.ar\/sitio\/wp-json\/wp\/v2\/posts"}],"about":[{"href":"https:\/\/eldiariodesanpedro.com.ar\/sitio\/wp-json\/wp\/v2\/types\/post"}],"author":[{"embeddable":true,"href":"https:\/\/eldiariodesanpedro.com.ar\/sitio\/wp-json\/wp\/v2\/users\/4"}],"replies":[{"embeddable":true,"href":"https:\/\/eldiariodesanpedro.com.ar\/sitio\/wp-json\/wp\/v2\/comments?post=64562"}],"version-history":[{"count":1,"href":"https:\/\/eldiariodesanpedro.com.ar\/sitio\/wp-json\/wp\/v2\/posts\/64562\/revisions"}],"predecessor-version":[{"id":64564,"href":"https:\/\/eldiariodesanpedro.com.ar\/sitio\/wp-json\/wp\/v2\/posts\/64562\/revisions\/64564"}],"wp:featuredmedia":[{"embeddable":true,"href":"https:\/\/eldiariodesanpedro.com.ar\/sitio\/wp-json\/wp\/v2\/media\/64563"}],"wp:attachment":[{"href":"https:\/\/eldiariodesanpedro.com.ar\/sitio\/wp-json\/wp\/v2\/media?parent=64562"}],"wp:term":[{"taxonomy":"category","embeddable":true,"href":"https:\/\/eldiariodesanpedro.com.ar\/sitio\/wp-json\/wp\/v2\/categories?post=64562"},{"taxonomy":"post_tag","embeddable":true,"href":"https:\/\/eldiariodesanpedro.com.ar\/sitio\/wp-json\/wp\/v2\/tags?post=64562"}],"curies":[{"name":"wp","href":"https:\/\/api.w.org\/{rel}","templated":true}]}}