{"id":64559,"date":"2019-11-25T17:38:09","date_gmt":"2019-11-25T20:38:09","guid":{"rendered":"https:\/\/eldiariodesanpedro.com.ar\/sitio\/?p=64559"},"modified":"2019-11-25T17:38:15","modified_gmt":"2019-11-25T20:38:15","slug":"campana-fuerte-vuelco-de-un-vehiculo-a-metros-de-distancia-del-choque-multiple","status":"publish","type":"post","link":"https:\/\/eldiariodesanpedro.com.ar\/sitio\/campana-fuerte-vuelco-de-un-vehiculo-a-metros-de-distancia-del-choque-multiple\/","title":{"rendered":"CAMPANA | Fuerte vuelco de un veh\u00edculo a metros de distancia del choque m\u00faltiple"},"content":{"rendered":"<!-- VideographyWP Plugin Message: Automatic video embedding prevented by plugin options. -->\n\n<p> El hecho ocurri\u00f3 en horas de la tarde, y como consecuencia de la colisi\u00f3n previa que dificultaba el tr\u00e1nsito por Ruta 9. Dos mujeres y un menor resultaron heridos, y debieron ser trasladados al hospital local por personal de Bomberos.<\/p>\n\n\n\n<p>\n\nPolic\u00eda, Same, Bomberos y otros miembros de la fuerza p\u00fablica tuvieron una tarde ajetreada el d\u00eda de ayer, entre otras cosas, debido al accidente m\u00faltiple de tr\u00e1nsito a la altura del km 60 sobre la Ruta Nacional N\u00b0 9.<\/p>\n\n\n\n<p>Como si esto fuera poco, y como consecuencia de este evento, al intentar frenar un veh\u00edculo a poca distancia dada la reducci\u00f3n del paso, un Honda Civic que ven\u00eda detr\u00e1s se vio obligado a volantear para evitar una nueva colisi\u00f3n.<\/p>\n\n\n\n<p>Resultado: El autom\u00f3vil marca Honda dio varios vuelcos sobre la carretera, acabando con las ruedas arriba sobre el pasto. Sus ocupantes, Mirta Otazu, Thelma Vega y Brian Vega (este \u00faltimo de tan s\u00f3lo 7 a\u00f1os de edad), debieron ser trasladados al Hospital San Jos\u00e9, afortunadamente los tres con heridas leves. El transporte fue realizado por el m\u00f3vil 43 de Bomberos, a cargo de Alexis Ledesma.<\/p>\n\n\n\n<p>A su vez, se hicieron presentes en el lugar personal de Autopistas del Sol, y el Comando Patrulla local. <\/p>\n\n\n\n<p>Fuente: Campana Noticias<\/p>\n","protected":false},"excerpt":{"rendered":"<p>El hecho ocurri\u00f3 en horas de la tarde, y como consecuencia de la colisi\u00f3n previa que dificultaba el tr\u00e1nsito por Ruta 9. Dos mujeres y un menor resultaron heridos, y debieron ser trasladados al hospital local por personal de Bomberos. Polic\u00eda, Same, Bomberos y otros miembros de la fuerza p\u00fablica tuvieron una tarde ajetreada el [&hellip;]<\/p>\n","protected":false},"author":4,"featured_media":64560,"comment_status":"open","ping_status":"closed","sticky":false,"template":"","format":"standard","meta":{"om_disable_all_campaigns":false,"_jetpack_memberships_contains_paid_content":false,"footnotes":""},"categories":[621],"tags":[],"class_list":["post-64559","post","type-post","status-publish","format-standard","has-post-thumbnail","hentry","category-regionales"],"aioseo_notices":[],"gutentor_comment":0,"jetpack_featured_media_url":"https:\/\/eldiariodesanpedro.com.ar\/sitio\/wp-content\/uploads\/2019\/11\/20191125100733.jpg","jetpack_shortlink":"https:\/\/wp.me\/p6RhLt-gNh","jetpack_sharing_enabled":true,"_links":{"self":[{"href":"https:\/\/eldiariodesanpedro.com.ar\/sitio\/wp-json\/wp\/v2\/posts\/64559","targetHints":{"allow":["GET"]}}],"collection":[{"href":"https:\/\/eldiariodesanpedro.com.ar\/sitio\/wp-json\/wp\/v2\/posts"}],"about":[{"href":"https:\/\/eldiariodesanpedro.com.ar\/sitio\/wp-json\/wp\/v2\/types\/post"}],"author":[{"embeddable":true,"href":"https:\/\/eldiariodesanpedro.com.ar\/sitio\/wp-json\/wp\/v2\/users\/4"}],"replies":[{"embeddable":true,"href":"https:\/\/eldiariodesanpedro.com.ar\/sitio\/wp-json\/wp\/v2\/comments?post=64559"}],"version-history":[{"count":1,"href":"https:\/\/eldiariodesanpedro.com.ar\/sitio\/wp-json\/wp\/v2\/posts\/64559\/revisions"}],"predecessor-version":[{"id":64561,"href":"https:\/\/eldiariodesanpedro.com.ar\/sitio\/wp-json\/wp\/v2\/posts\/64559\/revisions\/64561"}],"wp:featuredmedia":[{"embeddable":true,"href":"https:\/\/eldiariodesanpedro.com.ar\/sitio\/wp-json\/wp\/v2\/media\/64560"}],"wp:attachment":[{"href":"https:\/\/eldiariodesanpedro.com.ar\/sitio\/wp-json\/wp\/v2\/media?parent=64559"}],"wp:term":[{"taxonomy":"category","embeddable":true,"href":"https:\/\/eldiariodesanpedro.com.ar\/sitio\/wp-json\/wp\/v2\/categories?post=64559"},{"taxonomy":"post_tag","embeddable":true,"href":"https:\/\/eldiariodesanpedro.com.ar\/sitio\/wp-json\/wp\/v2\/tags?post=64559"}],"curies":[{"name":"wp","href":"https:\/\/api.w.org\/{rel}","templated":true}]}}