{"id":64542,"date":"2019-11-25T10:28:22","date_gmt":"2019-11-25T13:28:22","guid":{"rendered":"https:\/\/eldiariodesanpedro.com.ar\/sitio\/?p=64542"},"modified":"2019-11-25T10:31:54","modified_gmt":"2019-11-25T13:31:54","slug":"accidente-las-personas-del-rodado-menor-que-participaron-de-la-colision-se-dan-a-la-fuga-dejando-una-joven-herida","status":"publish","type":"post","link":"https:\/\/eldiariodesanpedro.com.ar\/sitio\/accidente-las-personas-del-rodado-menor-que-participaron-de-la-colision-se-dan-a-la-fuga-dejando-una-joven-herida\/","title":{"rendered":"Accidente: Las personas del rodado menor que participaron de la colisi\u00f3n se dan a la fuga dejando una joven herida"},"content":{"rendered":"<!-- VideographyWP Plugin Message: Automatic video embedding prevented by plugin options. -->\n\n<p>Sucedi\u00f3 este domingo por la tarde en intersecci\u00f3n de las calles Arnaldo y Uruguay. Las dos motocicletas que colisionan con un autom\u00f3vil se dan a la fuga quedando una joven herida en el lugar.<\/p>\n\n\n\n<p>Por la tarde de este domingo, personal policial acude a intersecci\u00f3n de las calles anteriormente mencionadas donde, por causas que se tratan de establecer, un autom\u00f3vil marca Renault, conducido por una mujer de 43, colisiona con dos motocicletas conducidas una por un masculino y otra por un masculino y una femenina.<\/p>\n\n\n\n<p> Al arribo del personal policial ambos masculinos a bordo del rodado en el que colisionan se retiran quedando sola la joven que se encontraba herida.<\/p>\n\n\n\n<p>Posteriormente se establece por  v\u00eda radial 107 emergencias donde luego llegan los masculinos por sus medios propios.<\/p>\n\n\n\n<p>Comisionado los efectivos al lugar se logra su identificaci\u00f3n donde ademas el masculino de 19 a\u00f1os sufri\u00f3 lesiones leves, corte cuero cabelludo y ceja lado izquierdo, suturada, y el otro masculino de 23,  sufre lesiones de traumatismo de cr\u00e1neo con p\u00e9rdida de conocimiento, estabilizado y trasladado a una Instituci\u00f3n m\u00e9dica de mayor complejidad.<br><br><\/p>\n","protected":false},"excerpt":{"rendered":"<p>Sucedi\u00f3 este domingo por la tarde en intersecci\u00f3n de las calles Arnaldo y Uruguay. Las dos motocicletas que colisionan con un autom\u00f3vil se dan a la fuga quedando una joven herida en el lugar. Por la tarde de este domingo, personal policial acude a intersecci\u00f3n de las calles anteriormente mencionadas donde, por causas que se [&hellip;]<\/p>\n","protected":false},"author":4,"featured_media":61611,"comment_status":"open","ping_status":"closed","sticky":false,"template":"","format":"standard","meta":{"om_disable_all_campaigns":false,"_jetpack_memberships_contains_paid_content":false,"footnotes":""},"categories":[50,2,103],"tags":[],"class_list":["post-64542","post","type-post","status-publish","format-standard","has-post-thumbnail","hentry","category-destacadas","category-locales","category-policiales-locales"],"aioseo_notices":[],"gutentor_comment":0,"jetpack_featured_media_url":"https:\/\/eldiariodesanpedro.com.ar\/sitio\/wp-content\/uploads\/2019\/10\/guardia.jpg","jetpack_shortlink":"https:\/\/wp.me\/p6RhLt-gN0","jetpack_sharing_enabled":true,"_links":{"self":[{"href":"https:\/\/eldiariodesanpedro.com.ar\/sitio\/wp-json\/wp\/v2\/posts\/64542","targetHints":{"allow":["GET"]}}],"collection":[{"href":"https:\/\/eldiariodesanpedro.com.ar\/sitio\/wp-json\/wp\/v2\/posts"}],"about":[{"href":"https:\/\/eldiariodesanpedro.com.ar\/sitio\/wp-json\/wp\/v2\/types\/post"}],"author":[{"embeddable":true,"href":"https:\/\/eldiariodesanpedro.com.ar\/sitio\/wp-json\/wp\/v2\/users\/4"}],"replies":[{"embeddable":true,"href":"https:\/\/eldiariodesanpedro.com.ar\/sitio\/wp-json\/wp\/v2\/comments?post=64542"}],"version-history":[{"count":2,"href":"https:\/\/eldiariodesanpedro.com.ar\/sitio\/wp-json\/wp\/v2\/posts\/64542\/revisions"}],"predecessor-version":[{"id":64544,"href":"https:\/\/eldiariodesanpedro.com.ar\/sitio\/wp-json\/wp\/v2\/posts\/64542\/revisions\/64544"}],"wp:featuredmedia":[{"embeddable":true,"href":"https:\/\/eldiariodesanpedro.com.ar\/sitio\/wp-json\/wp\/v2\/media\/61611"}],"wp:attachment":[{"href":"https:\/\/eldiariodesanpedro.com.ar\/sitio\/wp-json\/wp\/v2\/media?parent=64542"}],"wp:term":[{"taxonomy":"category","embeddable":true,"href":"https:\/\/eldiariodesanpedro.com.ar\/sitio\/wp-json\/wp\/v2\/categories?post=64542"},{"taxonomy":"post_tag","embeddable":true,"href":"https:\/\/eldiariodesanpedro.com.ar\/sitio\/wp-json\/wp\/v2\/tags?post=64542"}],"curies":[{"name":"wp","href":"https:\/\/api.w.org\/{rel}","templated":true}]}}