{"id":64539,"date":"2019-11-25T09:39:21","date_gmt":"2019-11-25T12:39:21","guid":{"rendered":"https:\/\/eldiariodesanpedro.com.ar\/sitio\/?p=64539"},"modified":"2019-11-25T09:39:27","modified_gmt":"2019-11-25T12:39:27","slug":"tras-una-reyerta-hubo-un-herido-de-arma-blanca-y-una-motocicleta-en-llamas","status":"publish","type":"post","link":"https:\/\/eldiariodesanpedro.com.ar\/sitio\/tras-una-reyerta-hubo-un-herido-de-arma-blanca-y-una-motocicleta-en-llamas\/","title":{"rendered":"Tras una reyerta hubo un herido de arma blanca y una motocicleta en llamas"},"content":{"rendered":"<!-- VideographyWP Plugin Message: Automatic video embedding prevented by plugin options. -->\n\n<p>Personal policial y Bomberos Voluntarios de nuestra ciudad intervinieron en un violento episodio esta madrugada en la zona de bajo Puerto.<\/p>\n\n\n\n<p>Sucedi\u00f3 pasadas las 2 de la madrugada, una dotaci\u00f3n de bomberos voluntarios acudi\u00f3 a la zona de bajo Puerto, poste 15, donde una motocicleta estaba prendida fuego.<\/p>\n\n\n\n<p>Al llegar al lugar, intervino personal policial,  al estar produci\u00e9ndose una reyerta entre varias personas.<\/p>\n\n\n\n<p>El propietario de la motocicleta se encontraba herido con varios cortes producidos con un arma blanca quien fue trasladado por la ambulancia del SAME al nosocomio local.<\/p>\n\n\n\n<p>El herido no quiso radicar denuncia expresando que iba a solucionar solo el conflicto.<\/p>\n","protected":false},"excerpt":{"rendered":"<p>Personal policial y Bomberos Voluntarios de nuestra ciudad intervinieron en un violento episodio esta madrugada en la zona de bajo Puerto. Sucedi\u00f3 pasadas las 2 de la madrugada, una dotaci\u00f3n de bomberos voluntarios acudi\u00f3 a la zona de bajo Puerto, poste 15, donde una motocicleta estaba prendida fuego. Al llegar al lugar, intervino personal policial, [&hellip;]<\/p>\n","protected":false},"author":4,"featured_media":64540,"comment_status":"open","ping_status":"closed","sticky":false,"template":"","format":"standard","meta":{"om_disable_all_campaigns":false,"_jetpack_memberships_contains_paid_content":false,"footnotes":""},"categories":[50,2,103],"tags":[],"class_list":["post-64539","post","type-post","status-publish","format-standard","has-post-thumbnail","hentry","category-destacadas","category-locales","category-policiales-locales"],"aioseo_notices":[],"gutentor_comment":0,"jetpack_featured_media_url":"https:\/\/eldiariodesanpedro.com.ar\/sitio\/wp-content\/uploads\/2019\/11\/273105.jpg","jetpack_shortlink":"https:\/\/wp.me\/p6RhLt-gMX","jetpack_sharing_enabled":true,"_links":{"self":[{"href":"https:\/\/eldiariodesanpedro.com.ar\/sitio\/wp-json\/wp\/v2\/posts\/64539","targetHints":{"allow":["GET"]}}],"collection":[{"href":"https:\/\/eldiariodesanpedro.com.ar\/sitio\/wp-json\/wp\/v2\/posts"}],"about":[{"href":"https:\/\/eldiariodesanpedro.com.ar\/sitio\/wp-json\/wp\/v2\/types\/post"}],"author":[{"embeddable":true,"href":"https:\/\/eldiariodesanpedro.com.ar\/sitio\/wp-json\/wp\/v2\/users\/4"}],"replies":[{"embeddable":true,"href":"https:\/\/eldiariodesanpedro.com.ar\/sitio\/wp-json\/wp\/v2\/comments?post=64539"}],"version-history":[{"count":1,"href":"https:\/\/eldiariodesanpedro.com.ar\/sitio\/wp-json\/wp\/v2\/posts\/64539\/revisions"}],"predecessor-version":[{"id":64541,"href":"https:\/\/eldiariodesanpedro.com.ar\/sitio\/wp-json\/wp\/v2\/posts\/64539\/revisions\/64541"}],"wp:featuredmedia":[{"embeddable":true,"href":"https:\/\/eldiariodesanpedro.com.ar\/sitio\/wp-json\/wp\/v2\/media\/64540"}],"wp:attachment":[{"href":"https:\/\/eldiariodesanpedro.com.ar\/sitio\/wp-json\/wp\/v2\/media?parent=64539"}],"wp:term":[{"taxonomy":"category","embeddable":true,"href":"https:\/\/eldiariodesanpedro.com.ar\/sitio\/wp-json\/wp\/v2\/categories?post=64539"},{"taxonomy":"post_tag","embeddable":true,"href":"https:\/\/eldiariodesanpedro.com.ar\/sitio\/wp-json\/wp\/v2\/tags?post=64539"}],"curies":[{"name":"wp","href":"https:\/\/api.w.org\/{rel}","templated":true}]}}