{"id":64528,"date":"2019-11-24T17:45:24","date_gmt":"2019-11-24T20:45:24","guid":{"rendered":"https:\/\/eldiariodesanpedro.com.ar\/sitio\/?p=64528"},"modified":"2019-11-24T17:45:29","modified_gmt":"2019-11-24T20:45:29","slug":"campana-accidente-mortal-en-la-josefa","status":"publish","type":"post","link":"https:\/\/eldiariodesanpedro.com.ar\/sitio\/campana-accidente-mortal-en-la-josefa\/","title":{"rendered":"CAMPANA | Accidente mortal en La Josefa"},"content":{"rendered":"<!-- VideographyWP Plugin Message: Automatic video embedding prevented by plugin options. -->\n\n<p>\n\nUn fatal accidente ocurri\u00f3 en la esquina de Di Luca y Mautone, en el barrio La Josefa, donde un joven perdi\u00f3 la vida al protagonizar un accidente automovil\u00edstico.<\/p>\n\n\n\n<p>A\u00fan no trascendieron pormenores del hecho, donde un VW Voyage termin\u00f3 estrell\u00e1ndose con una zanja, y su conductor sali\u00f3 despedido violentamente, perdiendo la vida.<\/p>\n\n\n\n<p>La v\u00edctima fatal fue identificada como Alan Ezequiel Morales, de 19 a\u00f1os. En tanto que su acompa\u00f1ante, Virginia Soledad Sanabria, habr\u00eda sufrido golpes varios siendo asistida en el lugar por el Same, adem\u00e1s, producto de una crisis de nervios.<\/p>\n\n\n\n<p>En el lugar se hizo presente el m\u00f3vil zona 5 del CP, a cargo del Of. Obreg\u00f3n junto al Of. Mart\u00ednez. Se investigan mayores detalles del tr\u00e1gico accidente.<\/p>\n\n\n\n<p>Fuente: Campana Noticias<\/p>\n","protected":false},"excerpt":{"rendered":"<p>Un fatal accidente ocurri\u00f3 en la esquina de Di Luca y Mautone, en el barrio La Josefa, donde un joven perdi\u00f3 la vida al protagonizar un accidente automovil\u00edstico. A\u00fan no trascendieron pormenores del hecho, donde un VW Voyage termin\u00f3 estrell\u00e1ndose con una zanja, y su conductor sali\u00f3 despedido violentamente, perdiendo la vida. La v\u00edctima fatal [&hellip;]<\/p>\n","protected":false},"author":4,"featured_media":64529,"comment_status":"open","ping_status":"closed","sticky":false,"template":"","format":"standard","meta":{"om_disable_all_campaigns":false,"_jetpack_memberships_contains_paid_content":false,"footnotes":""},"categories":[621],"tags":[],"class_list":["post-64528","post","type-post","status-publish","format-standard","has-post-thumbnail","hentry","category-regionales"],"aioseo_notices":[],"gutentor_comment":0,"jetpack_featured_media_url":"https:\/\/eldiariodesanpedro.com.ar\/sitio\/wp-content\/uploads\/2019\/11\/20191123103522.jpg","jetpack_shortlink":"https:\/\/wp.me\/p6RhLt-gMM","jetpack_sharing_enabled":true,"_links":{"self":[{"href":"https:\/\/eldiariodesanpedro.com.ar\/sitio\/wp-json\/wp\/v2\/posts\/64528","targetHints":{"allow":["GET"]}}],"collection":[{"href":"https:\/\/eldiariodesanpedro.com.ar\/sitio\/wp-json\/wp\/v2\/posts"}],"about":[{"href":"https:\/\/eldiariodesanpedro.com.ar\/sitio\/wp-json\/wp\/v2\/types\/post"}],"author":[{"embeddable":true,"href":"https:\/\/eldiariodesanpedro.com.ar\/sitio\/wp-json\/wp\/v2\/users\/4"}],"replies":[{"embeddable":true,"href":"https:\/\/eldiariodesanpedro.com.ar\/sitio\/wp-json\/wp\/v2\/comments?post=64528"}],"version-history":[{"count":1,"href":"https:\/\/eldiariodesanpedro.com.ar\/sitio\/wp-json\/wp\/v2\/posts\/64528\/revisions"}],"predecessor-version":[{"id":64530,"href":"https:\/\/eldiariodesanpedro.com.ar\/sitio\/wp-json\/wp\/v2\/posts\/64528\/revisions\/64530"}],"wp:featuredmedia":[{"embeddable":true,"href":"https:\/\/eldiariodesanpedro.com.ar\/sitio\/wp-json\/wp\/v2\/media\/64529"}],"wp:attachment":[{"href":"https:\/\/eldiariodesanpedro.com.ar\/sitio\/wp-json\/wp\/v2\/media?parent=64528"}],"wp:term":[{"taxonomy":"category","embeddable":true,"href":"https:\/\/eldiariodesanpedro.com.ar\/sitio\/wp-json\/wp\/v2\/categories?post=64528"},{"taxonomy":"post_tag","embeddable":true,"href":"https:\/\/eldiariodesanpedro.com.ar\/sitio\/wp-json\/wp\/v2\/tags?post=64528"}],"curies":[{"name":"wp","href":"https:\/\/api.w.org\/{rel}","templated":true}]}}