{"id":64525,"date":"2019-11-24T17:43:35","date_gmt":"2019-11-24T20:43:35","guid":{"rendered":"https:\/\/eldiariodesanpedro.com.ar\/sitio\/?p=64525"},"modified":"2019-11-24T17:43:53","modified_gmt":"2019-11-24T20:43:53","slug":"san-nicolas-el-polideportivo-de-b-garetto-sera-abierto-al-publico","status":"publish","type":"post","link":"https:\/\/eldiariodesanpedro.com.ar\/sitio\/san-nicolas-el-polideportivo-de-b-garetto-sera-abierto-al-publico\/","title":{"rendered":"SAN NICOL\u00c1S | El Polideportivo de B\u00b0 Garetto ser\u00e1 abierto al p\u00fablico"},"content":{"rendered":"<!-- VideographyWP Plugin Message: Automatic video embedding prevented by plugin options. -->\n\n<p>\n\nLa semana pr\u00f3xima comenzar\u00e1n los trabajos para derribar el muro del Polideportivo de barrio Garetto y generar all\u00ed un espacio p\u00fablico abierto, libre, que pueda ser utilizado por todos los vecinos de la zona. Es un paso de preparaci\u00f3n para la temporada de verano, que iniciar\u00e1 el 2 de diciembre.<\/p>\n\n\n\n<p>En el Polideportivo de Garetto funciona actualmente la escuela de Hockey Municipal, que seguir\u00e1 cumpliendo all\u00ed sus actividades, un Hogar diurno y el programa Envi\u00f3n. Estas \u00faltimas instituciones tendr\u00e1n un espacio con mejor infraestructura a dos cuadras de all\u00ed, en el CIC, de Bergant\u00edn 25 de Mayo y Jos\u00e9 Hern\u00e1ndez.<\/p>\n\n\n\n<p>Tambi\u00e9n est\u00e1 la pista de atletismo, que fue restaurada el a\u00f1o pasado, donde realizan sus pr\u00e1cticas la Asociaci\u00f3n de Atletas Nicole\u00f1os; es utilizado por el club Argentino Oeste y pr\u00f3ximamente ser\u00e1 usado como campo de entrenamiento por \u201cla fusi\u00f3n\u201d, del San Nicol\u00e1s Rugby.<\/p>\n\n\n\n<p>Adem\u00e1s, se est\u00e1 trabajando en la pileta, con la intenci\u00f3n de inaugurarla el 2 de diciembre y que en enero reciba a los alumnos de todas las escuelas de la zona, en el marco del programa de Escuelas Abiertas en Verano, como ocurre cada a\u00f1o.<\/p>\n\n\n\n<p>Desde el Municipio se inform\u00f3 que para este a\u00f1o, se potenciar\u00e1n las actividades deportivas y recreativas en el Poli, como as\u00ed tambi\u00e9n en el Cedyc y en la sede de la Cooperativa de General Rojo, donde funcionan los otros dos espejos de agua y que tambi\u00e9n son escenarios del programa educativo, que el a\u00f1o pasado reuni\u00f3 a m\u00e1s de 1200 chicos de todas las edades.<\/p>\n\n\n\n<p>\u201cQueremos que el Polideportivo de barrio Garetto sea un espacio abierto, que sea utilizado como parque por todos los vecinos, para aprovechar sus instalaciones, cuidarlas y que cada a\u00f1o haya m\u00e1s chicos y chicas haciendo deporte y disfrutando con amigos o en familia este espacio en la ciudad\u201d, resumi\u00f3 el director de Deportes, Daniel Luchelli. <\/p>\n\n\n\n<p>Fuente: Diario El Informante<\/p>\n","protected":false},"excerpt":{"rendered":"<p>La semana pr\u00f3xima comenzar\u00e1n los trabajos para derribar el muro del Polideportivo de barrio Garetto y generar all\u00ed un espacio p\u00fablico abierto, libre, que pueda ser utilizado por todos los vecinos de la zona. Es un paso de preparaci\u00f3n para la temporada de verano, que iniciar\u00e1 el 2 de diciembre. En el Polideportivo de Garetto [&hellip;]<\/p>\n","protected":false},"author":4,"featured_media":64526,"comment_status":"open","ping_status":"closed","sticky":false,"template":"","format":"standard","meta":{"om_disable_all_campaigns":false,"_jetpack_memberships_contains_paid_content":false,"footnotes":""},"categories":[621],"tags":[],"class_list":["post-64525","post","type-post","status-publish","format-standard","has-post-thumbnail","hentry","category-regionales"],"aioseo_notices":[],"gutentor_comment":0,"jetpack_featured_media_url":"https:\/\/eldiariodesanpedro.com.ar\/sitio\/wp-content\/uploads\/2019\/11\/no_al3x1kg92qsrxhiupraveny_POLIDEPORTIVO_GARETTO_1.jpg","jetpack_shortlink":"https:\/\/wp.me\/p6RhLt-gMJ","jetpack_sharing_enabled":true,"_links":{"self":[{"href":"https:\/\/eldiariodesanpedro.com.ar\/sitio\/wp-json\/wp\/v2\/posts\/64525","targetHints":{"allow":["GET"]}}],"collection":[{"href":"https:\/\/eldiariodesanpedro.com.ar\/sitio\/wp-json\/wp\/v2\/posts"}],"about":[{"href":"https:\/\/eldiariodesanpedro.com.ar\/sitio\/wp-json\/wp\/v2\/types\/post"}],"author":[{"embeddable":true,"href":"https:\/\/eldiariodesanpedro.com.ar\/sitio\/wp-json\/wp\/v2\/users\/4"}],"replies":[{"embeddable":true,"href":"https:\/\/eldiariodesanpedro.com.ar\/sitio\/wp-json\/wp\/v2\/comments?post=64525"}],"version-history":[{"count":1,"href":"https:\/\/eldiariodesanpedro.com.ar\/sitio\/wp-json\/wp\/v2\/posts\/64525\/revisions"}],"predecessor-version":[{"id":64527,"href":"https:\/\/eldiariodesanpedro.com.ar\/sitio\/wp-json\/wp\/v2\/posts\/64525\/revisions\/64527"}],"wp:featuredmedia":[{"embeddable":true,"href":"https:\/\/eldiariodesanpedro.com.ar\/sitio\/wp-json\/wp\/v2\/media\/64526"}],"wp:attachment":[{"href":"https:\/\/eldiariodesanpedro.com.ar\/sitio\/wp-json\/wp\/v2\/media?parent=64525"}],"wp:term":[{"taxonomy":"category","embeddable":true,"href":"https:\/\/eldiariodesanpedro.com.ar\/sitio\/wp-json\/wp\/v2\/categories?post=64525"},{"taxonomy":"post_tag","embeddable":true,"href":"https:\/\/eldiariodesanpedro.com.ar\/sitio\/wp-json\/wp\/v2\/tags?post=64525"}],"curies":[{"name":"wp","href":"https:\/\/api.w.org\/{rel}","templated":true}]}}