{"id":64521,"date":"2019-11-24T17:41:11","date_gmt":"2019-11-24T20:41:11","guid":{"rendered":"https:\/\/eldiariodesanpedro.com.ar\/sitio\/?p=64521"},"modified":"2019-11-24T17:41:21","modified_gmt":"2019-11-24T20:41:21","slug":"san-nicolas-intentaron-robar-en-el-supermercado-cooperativa-obrera","status":"publish","type":"post","link":"https:\/\/eldiariodesanpedro.com.ar\/sitio\/san-nicolas-intentaron-robar-en-el-supermercado-cooperativa-obrera\/","title":{"rendered":"SAN NICOL\u00c1S | Intentaron robar en el supermercado Cooperativa Obrera"},"content":{"rendered":"<!-- VideographyWP Plugin Message: Automatic video embedding prevented by plugin options. -->\n\n<p>\n\nAlrededor de las 3.30 horas del s\u00e1bado, se activ\u00f3 el censor de movimiento del supermercado Cooperativa Obrera ubicado en Pte. Per\u00f3n 1028 por lo que el empleado encargado fue directo hacia el lugar y, al llegar, se encontr\u00f3 con que hab\u00edan da\u00f1ado el vidrio blindado del cajero autom\u00e1tico que est\u00e1 al lado del comercio.<\/p>\n\n\n\n<p>Desde ese sector, provocaron da\u00f1os en el vidrio y en la madera que corresponde al supermercado y lograr ingresar. Una vez adentro, rompieron la vitrina de electrodom\u00e9sticos, sin embargo no se detectaron faltantes.<\/p>\n\n\n\n<p>Se inici\u00f3 una investigaci\u00f3n para determinar qui\u00e9n o qui\u00e9nes son los involucrados por lo que se solicitaron los registros de las c\u00e1maras de seguridad municipales.<\/p>\n\n\n\n<p>Fuente: Diario El Informante<\/p>\n","protected":false},"excerpt":{"rendered":"<p>Alrededor de las 3.30 horas del s\u00e1bado, se activ\u00f3 el censor de movimiento del supermercado Cooperativa Obrera ubicado en Pte. Per\u00f3n 1028 por lo que el empleado encargado fue directo hacia el lugar y, al llegar, se encontr\u00f3 con que hab\u00edan da\u00f1ado el vidrio blindado del cajero autom\u00e1tico que est\u00e1 al lado del comercio. Desde [&hellip;]<\/p>\n","protected":false},"author":4,"featured_media":64522,"comment_status":"open","ping_status":"closed","sticky":false,"template":"","format":"standard","meta":{"om_disable_all_campaigns":false,"_jetpack_memberships_contains_paid_content":false,"footnotes":""},"categories":[621],"tags":[],"class_list":["post-64521","post","type-post","status-publish","format-standard","has-post-thumbnail","hentry","category-regionales"],"aioseo_notices":[],"gutentor_comment":0,"jetpack_featured_media_url":"https:\/\/eldiariodesanpedro.com.ar\/sitio\/wp-content\/uploads\/2019\/11\/no_8lekbqf6rf5vujgupraveny_IMG_20191124_093337.jpg","jetpack_shortlink":"https:\/\/wp.me\/p6RhLt-gMF","jetpack_sharing_enabled":true,"_links":{"self":[{"href":"https:\/\/eldiariodesanpedro.com.ar\/sitio\/wp-json\/wp\/v2\/posts\/64521","targetHints":{"allow":["GET"]}}],"collection":[{"href":"https:\/\/eldiariodesanpedro.com.ar\/sitio\/wp-json\/wp\/v2\/posts"}],"about":[{"href":"https:\/\/eldiariodesanpedro.com.ar\/sitio\/wp-json\/wp\/v2\/types\/post"}],"author":[{"embeddable":true,"href":"https:\/\/eldiariodesanpedro.com.ar\/sitio\/wp-json\/wp\/v2\/users\/4"}],"replies":[{"embeddable":true,"href":"https:\/\/eldiariodesanpedro.com.ar\/sitio\/wp-json\/wp\/v2\/comments?post=64521"}],"version-history":[{"count":1,"href":"https:\/\/eldiariodesanpedro.com.ar\/sitio\/wp-json\/wp\/v2\/posts\/64521\/revisions"}],"predecessor-version":[{"id":64523,"href":"https:\/\/eldiariodesanpedro.com.ar\/sitio\/wp-json\/wp\/v2\/posts\/64521\/revisions\/64523"}],"wp:featuredmedia":[{"embeddable":true,"href":"https:\/\/eldiariodesanpedro.com.ar\/sitio\/wp-json\/wp\/v2\/media\/64522"}],"wp:attachment":[{"href":"https:\/\/eldiariodesanpedro.com.ar\/sitio\/wp-json\/wp\/v2\/media?parent=64521"}],"wp:term":[{"taxonomy":"category","embeddable":true,"href":"https:\/\/eldiariodesanpedro.com.ar\/sitio\/wp-json\/wp\/v2\/categories?post=64521"},{"taxonomy":"post_tag","embeddable":true,"href":"https:\/\/eldiariodesanpedro.com.ar\/sitio\/wp-json\/wp\/v2\/tags?post=64521"}],"curies":[{"name":"wp","href":"https:\/\/api.w.org\/{rel}","templated":true}]}}