{"id":64517,"date":"2019-11-24T17:38:53","date_gmt":"2019-11-24T20:38:53","guid":{"rendered":"https:\/\/eldiariodesanpedro.com.ar\/sitio\/?p=64517"},"modified":"2019-11-24T17:38:59","modified_gmt":"2019-11-24T20:38:59","slug":"zarate-entraron-a-robar-a-una-casa-pero-se-encontraron-que-el-vecino-practicaba-kick-boxing-me-desperte-y-vi-que-un-sujeto-intentaba-llevarse-un-televisor","status":"publish","type":"post","link":"https:\/\/eldiariodesanpedro.com.ar\/sitio\/zarate-entraron-a-robar-a-una-casa-pero-se-encontraron-que-el-vecino-practicaba-kick-boxing-me-desperte-y-vi-que-un-sujeto-intentaba-llevarse-un-televisor\/","title":{"rendered":"ZARATE | Entraron a robar a una casa pero se encontraron que el vecino practicaba Kick Boxing: \u201cMe despert\u00e9 y vi que un sujeto intentaba llevarse un televisor\u201d"},"content":{"rendered":"<!-- VideographyWP Plugin Message: Automatic video embedding prevented by plugin options. -->\n\n<p>El sucedi\u00f3 en un domicilio de la calle Bidegain de barrio San Cayetano, cuando dos sujetos ingresaron con la intenci\u00f3n de robo, en horas de la madrugada.<\/p>\n\n\n\n<p>El ladrido de los perros pusieron en alerta a los moradores. \u201cMe despert\u00e9 y vi que un sujeto intentaba llevarse un televisor\u201d, relata el vecino. Inmediatamente se puso en acci\u00f3n y aplicando sus conocimientos de Kick Boxing. logr\u00f3 reducir a uno de los malvivientes, mientras que el c\u00f3mplice escapaba pero antes disparar\u00eda, por fortuna sin punter\u00eda, hacia la victima.<\/p>\n\n\n\n<p>Retenido en el lugar, el delincuente qued\u00f3 aprehendido por efectivos policiales y puesto a disposici\u00f3n de la UFI N\u00ba 3 de la Departamental Z\u00e1rate &#8211; Campana, a cargo del Dr. Milton Gonz\u00e1lez Balseiros.<\/p>\n\n\n\n<p>Por las redes sociales circularon im\u00e1genes del momento que el vecino realizaba el arresto ciudadano, defendiendo su propiedad.<\/p>\n\n\n\n<p>Fuente: Enlace Critico<\/p>\n\n\n\n<figure class=\"wp-block-image\"><img decoding=\"async\" width=\"696\" height=\"574\" data-attachment-id=\"64519\" data-permalink=\"https:\/\/eldiariodesanpedro.com.ar\/sitio\/zarate-entraron-a-robar-a-una-casa-pero-se-encontraron-que-el-vecino-practicaba-kick-boxing-me-desperte-y-vi-que-un-sujeto-intentaba-llevarse-un-televisor\/policia-696x574\/\" data-orig-file=\"https:\/\/eldiariodesanpedro.com.ar\/sitio\/wp-content\/uploads\/2019\/11\/policia-696x574.png\" data-orig-size=\"696,574\" data-comments-opened=\"1\" data-image-meta=\"{&quot;aperture&quot;:&quot;0&quot;,&quot;credit&quot;:&quot;&quot;,&quot;camera&quot;:&quot;&quot;,&quot;caption&quot;:&quot;&quot;,&quot;created_timestamp&quot;:&quot;0&quot;,&quot;copyright&quot;:&quot;&quot;,&quot;focal_length&quot;:&quot;0&quot;,&quot;iso&quot;:&quot;0&quot;,&quot;shutter_speed&quot;:&quot;0&quot;,&quot;title&quot;:&quot;&quot;,&quot;orientation&quot;:&quot;0&quot;}\" data-image-title=\"policia-696&amp;#215;574\" data-image-description=\"\" data-image-caption=\"\" data-large-file=\"https:\/\/eldiariodesanpedro.com.ar\/sitio\/wp-content\/uploads\/2019\/11\/policia-696x574.png\" data-src=\"https:\/\/eldiariodesanpedro.com.ar\/sitio\/wp-content\/uploads\/2019\/11\/policia-696x574.png\" alt=\"\" class=\"wp-image-64519 lazyload\" data-srcset=\"https:\/\/eldiariodesanpedro.com.ar\/sitio\/wp-content\/uploads\/2019\/11\/policia-696x574.png 696w, https:\/\/eldiariodesanpedro.com.ar\/sitio\/wp-content\/uploads\/2019\/11\/policia-696x574-300x247.png 300w\" data-sizes=\"(max-width: 696px) 100vw, 696px\" src=\"data:image\/svg+xml;base64,PHN2ZyB3aWR0aD0iMSIgaGVpZ2h0PSIxIiB4bWxucz0iaHR0cDovL3d3dy53My5vcmcvMjAwMC9zdmciPjwvc3ZnPg==\" style=\"--smush-placeholder-width: 696px; --smush-placeholder-aspect-ratio: 696\/574;\" \/><\/figure>\n","protected":false},"excerpt":{"rendered":"<p>El sucedi\u00f3 en un domicilio de la calle Bidegain de barrio San Cayetano, cuando dos sujetos ingresaron con la intenci\u00f3n de robo, en horas de la madrugada. El ladrido de los perros pusieron en alerta a los moradores. \u201cMe despert\u00e9 y vi que un sujeto intentaba llevarse un televisor\u201d, relata el vecino. Inmediatamente se puso [&hellip;]<\/p>\n","protected":false},"author":4,"featured_media":64518,"comment_status":"open","ping_status":"closed","sticky":false,"template":"","format":"standard","meta":{"om_disable_all_campaigns":false,"_jetpack_memberships_contains_paid_content":false,"footnotes":""},"categories":[621],"tags":[],"class_list":["post-64517","post","type-post","status-publish","format-standard","has-post-thumbnail","hentry","category-regionales"],"aioseo_notices":[],"gutentor_comment":0,"jetpack_featured_media_url":"https:\/\/eldiariodesanpedro.com.ar\/sitio\/wp-content\/uploads\/2019\/11\/a8f0a21a-898e-45ff-a55e-7a52558f9296_658x400.jpg","jetpack_shortlink":"https:\/\/wp.me\/p6RhLt-gMB","jetpack_sharing_enabled":true,"_links":{"self":[{"href":"https:\/\/eldiariodesanpedro.com.ar\/sitio\/wp-json\/wp\/v2\/posts\/64517","targetHints":{"allow":["GET"]}}],"collection":[{"href":"https:\/\/eldiariodesanpedro.com.ar\/sitio\/wp-json\/wp\/v2\/posts"}],"about":[{"href":"https:\/\/eldiariodesanpedro.com.ar\/sitio\/wp-json\/wp\/v2\/types\/post"}],"author":[{"embeddable":true,"href":"https:\/\/eldiariodesanpedro.com.ar\/sitio\/wp-json\/wp\/v2\/users\/4"}],"replies":[{"embeddable":true,"href":"https:\/\/eldiariodesanpedro.com.ar\/sitio\/wp-json\/wp\/v2\/comments?post=64517"}],"version-history":[{"count":1,"href":"https:\/\/eldiariodesanpedro.com.ar\/sitio\/wp-json\/wp\/v2\/posts\/64517\/revisions"}],"predecessor-version":[{"id":64520,"href":"https:\/\/eldiariodesanpedro.com.ar\/sitio\/wp-json\/wp\/v2\/posts\/64517\/revisions\/64520"}],"wp:featuredmedia":[{"embeddable":true,"href":"https:\/\/eldiariodesanpedro.com.ar\/sitio\/wp-json\/wp\/v2\/media\/64518"}],"wp:attachment":[{"href":"https:\/\/eldiariodesanpedro.com.ar\/sitio\/wp-json\/wp\/v2\/media?parent=64517"}],"wp:term":[{"taxonomy":"category","embeddable":true,"href":"https:\/\/eldiariodesanpedro.com.ar\/sitio\/wp-json\/wp\/v2\/categories?post=64517"},{"taxonomy":"post_tag","embeddable":true,"href":"https:\/\/eldiariodesanpedro.com.ar\/sitio\/wp-json\/wp\/v2\/tags?post=64517"}],"curies":[{"name":"wp","href":"https:\/\/api.w.org\/{rel}","templated":true}]}}