{"id":64514,"date":"2019-11-24T17:32:01","date_gmt":"2019-11-24T20:32:01","guid":{"rendered":"https:\/\/eldiariodesanpedro.com.ar\/sitio\/?p=64514"},"modified":"2019-11-24T17:32:07","modified_gmt":"2019-11-24T20:32:07","slug":"zarate-el-boom-de-la-plataforma-pedidos-ya-llego-a-zarate","status":"publish","type":"post","link":"https:\/\/eldiariodesanpedro.com.ar\/sitio\/zarate-el-boom-de-la-plataforma-pedidos-ya-llego-a-zarate\/","title":{"rendered":"Z\u00c1RATE | El boom de la plataforma \u201cPedidos Ya\u201d lleg\u00f3 a Z\u00e1rate"},"content":{"rendered":"<!-- VideographyWP Plugin Message: Automatic video embedding prevented by plugin options. -->\n\n<p><strong>Cada vez m\u00e1s comercios locales se suman a la popular aplicaci\u00f3n, que cambi\u00f3 la tradicional modalidad de env\u00edos a domicilio. Decenas de repartidores vestidos de rojo circulan por la ciudad al mediod\u00eda y de noche.<\/strong><\/p>\n\n\n\n<p>La marea roja lleg\u00f3 a Z\u00e1rate. No con la magnitud que tiene en Capital Federal, pero desde hace varias semanas se ve circulando por el centro de la ciudad a decenas de repartidores de PedidosYa. La aplicaci\u00f3n de delivery online plant\u00f3 bandera y los comerciantes &nbsp;lo aprovechan.<\/p>\n\n\n\n<p>Gestada por dos j\u00f3venes estudiantes uruguayos, esta millonaria idea prendi\u00f3 r\u00e1pidamente en toda la regi\u00f3n. As\u00ed fue como lleg\u00f3 a Argentina y hace poco tiempo comenz\u00f3 a aparecer lentamente en el partido de Z\u00e1rate.<\/p>\n\n\n\n<p>El celular y la PC le quitaron el lugar de privilegio a la llamada telef\u00f3nica. Lo que antes se acostumbraba a pedir con una llamada, ahora se hace de manera virtual. En ese universo conviven usuarios y vendedores, ya sin necesidad de dialogar. Ahora, la comunicaci\u00f3n es digital.<\/p>\n\n\n\n<p>Ahora, muchos comercios que venden sus productos en la popular plataforma aceptan el pago online. Adem\u00e1s, diariamente se ve a los repartidores en moto o bici con la campera roja y la cl\u00e1sica mochila cuadrada, ya sea circulando por el centro de la ciudad o parando en los negocios donde deben retirar los pedidos.<\/p>\n\n\n\n<p><strong>El sistema es simple:<\/strong>&nbsp;el usuario pide algo a un negocio en la plataforma, el comercio recibe la notificaci\u00f3n a trav\u00e9s de una cuponera que emite tickets con el detalle de lo que se solicit\u00f3 y el repartidor recibe en su celular la informaci\u00f3n de d\u00f3nde debe recoger el pedido y d\u00f3nde entregarlo. El costo del env\u00edo corre por cuenta del cliente.<\/p>\n\n\n\n<p>M\u00e1s de 20 comercios locales de diversos rubros se encuentran dentro de la aplicaci\u00f3n. Ahora bien, el surgimiento de este tipo de trabajos fue un alivio en plena crisis econ\u00f3mica para cientos de personas que no encontraban una salida laboral. Sin embargo, sus dudosas condiciones y la escasa reglamentaci\u00f3n a la que se exponen sus empleados son el fiel ejemplo de la precarizaci\u00f3n laboral de los \u00faltimos a\u00f1os.<\/p>\n\n\n\n<p>Fuente: Impacto Local<\/p>\n","protected":false},"excerpt":{"rendered":"<p>Cada vez m\u00e1s comercios locales se suman a la popular aplicaci\u00f3n, que cambi\u00f3 la tradicional modalidad de env\u00edos a domicilio. Decenas de repartidores vestidos de rojo circulan por la ciudad al mediod\u00eda y de noche. La marea roja lleg\u00f3 a Z\u00e1rate. No con la magnitud que tiene en Capital Federal, pero desde hace varias semanas [&hellip;]<\/p>\n","protected":false},"author":4,"featured_media":64515,"comment_status":"open","ping_status":"closed","sticky":false,"template":"","format":"standard","meta":{"om_disable_all_campaigns":false,"_jetpack_memberships_contains_paid_content":false,"footnotes":""},"categories":[621],"tags":[],"class_list":["post-64514","post","type-post","status-publish","format-standard","has-post-thumbnail","hentry","category-regionales"],"aioseo_notices":[],"gutentor_comment":0,"jetpack_featured_media_url":"https:\/\/eldiariodesanpedro.com.ar\/sitio\/wp-content\/uploads\/2019\/11\/pedidos-ya.jpg","jetpack_shortlink":"https:\/\/wp.me\/p6RhLt-gMy","jetpack_sharing_enabled":true,"_links":{"self":[{"href":"https:\/\/eldiariodesanpedro.com.ar\/sitio\/wp-json\/wp\/v2\/posts\/64514","targetHints":{"allow":["GET"]}}],"collection":[{"href":"https:\/\/eldiariodesanpedro.com.ar\/sitio\/wp-json\/wp\/v2\/posts"}],"about":[{"href":"https:\/\/eldiariodesanpedro.com.ar\/sitio\/wp-json\/wp\/v2\/types\/post"}],"author":[{"embeddable":true,"href":"https:\/\/eldiariodesanpedro.com.ar\/sitio\/wp-json\/wp\/v2\/users\/4"}],"replies":[{"embeddable":true,"href":"https:\/\/eldiariodesanpedro.com.ar\/sitio\/wp-json\/wp\/v2\/comments?post=64514"}],"version-history":[{"count":1,"href":"https:\/\/eldiariodesanpedro.com.ar\/sitio\/wp-json\/wp\/v2\/posts\/64514\/revisions"}],"predecessor-version":[{"id":64516,"href":"https:\/\/eldiariodesanpedro.com.ar\/sitio\/wp-json\/wp\/v2\/posts\/64514\/revisions\/64516"}],"wp:featuredmedia":[{"embeddable":true,"href":"https:\/\/eldiariodesanpedro.com.ar\/sitio\/wp-json\/wp\/v2\/media\/64515"}],"wp:attachment":[{"href":"https:\/\/eldiariodesanpedro.com.ar\/sitio\/wp-json\/wp\/v2\/media?parent=64514"}],"wp:term":[{"taxonomy":"category","embeddable":true,"href":"https:\/\/eldiariodesanpedro.com.ar\/sitio\/wp-json\/wp\/v2\/categories?post=64514"},{"taxonomy":"post_tag","embeddable":true,"href":"https:\/\/eldiariodesanpedro.com.ar\/sitio\/wp-json\/wp\/v2\/tags?post=64514"}],"curies":[{"name":"wp","href":"https:\/\/api.w.org\/{rel}","templated":true}]}}