{"id":64505,"date":"2019-11-24T17:17:00","date_gmt":"2019-11-24T20:17:00","guid":{"rendered":"https:\/\/eldiariodesanpedro.com.ar\/sitio\/?p=64505"},"modified":"2019-11-24T17:17:06","modified_gmt":"2019-11-24T20:17:06","slug":"aprehendieron-a-una-mujer-que-vendia-ropa-sustraida-a-js","status":"publish","type":"post","link":"https:\/\/eldiariodesanpedro.com.ar\/sitio\/aprehendieron-a-una-mujer-que-vendia-ropa-sustraida-a-js\/","title":{"rendered":"Aprehendieron a una mujer que vend\u00eda ropa sustra\u00edda a J&#038;S"},"content":{"rendered":"<!-- VideographyWP Plugin Message: Automatic video embedding prevented by plugin options. -->\n\n<p>La presunta vendedora ofrec\u00eda la ropa que otra persona habr\u00eda sustra\u00eddo de la f\u00e1brica textil que actualmente se encuentra cerrada. <\/p>\n\n\n\n<p>Personal de la Sub DDI San Pedro- Baradero\u00a0aprehendi\u00f3 a una mujer de 45 a\u00f1os que vend\u00eda en forma dom\u00e9stica pantalones que d\u00edas atr\u00e1s hab\u00edan sido sustra\u00eddos de la f\u00e1brica textil J&amp;S.<\/p>\n\n\n\n<p>La investigaci\u00f3n lleg\u00f3 hasta la presunta vendedora que ofrec\u00eda a un costo muy por debajo del precio origina pantalones que pertenec\u00edan a la f\u00e1brica.<\/p>\n\n\n\n<p>Seg\u00fan se estableci\u00f3, la sospechosa hab\u00eda recibido la ropa de parte de otra mujer que d\u00edas atr\u00e1s la hab\u00eda robado desde el interior de la planta.&nbsp;<\/p>\n\n\n\n<p>Los pantalones secuestrados fueron reconocidos por los responsables de la firma y autom\u00e1ticamente se imput\u00f3 a la mujer aunque la fiscal\u00eda de turno decidi\u00f3 que recupere la libertad.\u00a0<\/p>\n\n\n\n<p>Fuente: San Pedro Informa<\/p>\n","protected":false},"excerpt":{"rendered":"<p>La presunta vendedora ofrec\u00eda la ropa que otra persona habr\u00eda sustra\u00eddo de la f\u00e1brica textil que actualmente se encuentra cerrada. Personal de la Sub DDI San Pedro- Baradero\u00a0aprehendi\u00f3 a una mujer de 45 a\u00f1os que vend\u00eda en forma dom\u00e9stica pantalones que d\u00edas atr\u00e1s hab\u00edan sido sustra\u00eddos de la f\u00e1brica textil J&amp;S. La investigaci\u00f3n lleg\u00f3 hasta [&hellip;]<\/p>\n","protected":false},"author":4,"featured_media":64506,"comment_status":"open","ping_status":"closed","sticky":false,"template":"","format":"standard","meta":{"om_disable_all_campaigns":false,"_jetpack_memberships_contains_paid_content":false,"footnotes":""},"categories":[50,2,103],"tags":[],"class_list":["post-64505","post","type-post","status-publish","format-standard","has-post-thumbnail","hentry","category-destacadas","category-locales","category-policiales-locales"],"aioseo_notices":[],"gutentor_comment":0,"jetpack_featured_media_url":"https:\/\/eldiariodesanpedro.com.ar\/sitio\/wp-content\/uploads\/2019\/11\/000081196.jpg","jetpack_shortlink":"https:\/\/wp.me\/p6RhLt-gMp","jetpack_sharing_enabled":true,"_links":{"self":[{"href":"https:\/\/eldiariodesanpedro.com.ar\/sitio\/wp-json\/wp\/v2\/posts\/64505","targetHints":{"allow":["GET"]}}],"collection":[{"href":"https:\/\/eldiariodesanpedro.com.ar\/sitio\/wp-json\/wp\/v2\/posts"}],"about":[{"href":"https:\/\/eldiariodesanpedro.com.ar\/sitio\/wp-json\/wp\/v2\/types\/post"}],"author":[{"embeddable":true,"href":"https:\/\/eldiariodesanpedro.com.ar\/sitio\/wp-json\/wp\/v2\/users\/4"}],"replies":[{"embeddable":true,"href":"https:\/\/eldiariodesanpedro.com.ar\/sitio\/wp-json\/wp\/v2\/comments?post=64505"}],"version-history":[{"count":1,"href":"https:\/\/eldiariodesanpedro.com.ar\/sitio\/wp-json\/wp\/v2\/posts\/64505\/revisions"}],"predecessor-version":[{"id":64507,"href":"https:\/\/eldiariodesanpedro.com.ar\/sitio\/wp-json\/wp\/v2\/posts\/64505\/revisions\/64507"}],"wp:featuredmedia":[{"embeddable":true,"href":"https:\/\/eldiariodesanpedro.com.ar\/sitio\/wp-json\/wp\/v2\/media\/64506"}],"wp:attachment":[{"href":"https:\/\/eldiariodesanpedro.com.ar\/sitio\/wp-json\/wp\/v2\/media?parent=64505"}],"wp:term":[{"taxonomy":"category","embeddable":true,"href":"https:\/\/eldiariodesanpedro.com.ar\/sitio\/wp-json\/wp\/v2\/categories?post=64505"},{"taxonomy":"post_tag","embeddable":true,"href":"https:\/\/eldiariodesanpedro.com.ar\/sitio\/wp-json\/wp\/v2\/tags?post=64505"}],"curies":[{"name":"wp","href":"https:\/\/api.w.org\/{rel}","templated":true}]}}