{"id":64502,"date":"2019-11-24T17:10:08","date_gmt":"2019-11-24T20:10:08","guid":{"rendered":"https:\/\/eldiariodesanpedro.com.ar\/sitio\/?p=64502"},"modified":"2019-11-24T17:10:14","modified_gmt":"2019-11-24T20:10:14","slug":"un-concurso-para-el-diseno-del-rosedal-de-san-pedro","status":"publish","type":"post","link":"https:\/\/eldiariodesanpedro.com.ar\/sitio\/un-concurso-para-el-diseno-del-rosedal-de-san-pedro\/","title":{"rendered":"Un concurso para el dise\u00f1o del rosedal de San Pedro"},"content":{"rendered":"<!-- VideographyWP Plugin Message: Automatic video embedding prevented by plugin options. -->\n\n<p><strong>Arquitectos, ingenieros agr\u00f3nomos, paisajistas y estudiantes del \u00faltimo a\u00f1o de esas carreras, podr\u00e1n participar del concurso pensado para la creaci\u00f3n de un espacio espec\u00edfico, p\u00fablico y estrat\u00e9gico que facilite la visualizaci\u00f3n de rosas, producci\u00f3n que ocupa un lugar muy importante dentro de la diversidad de especies que cultivan los viveros de San Pedro.<\/strong><\/p>\n\n\n\n<p>\n\nEn la confluencia de conocimientos, esfuerzo y acompa\u00f1amiento de varias instituciones, queda abierto el 25 de noviembre el concurso que recibir\u00e1 propuestas hasta el 14 de febrero de 2020. En su organizaci\u00f3n est\u00e1n la C\u00e1mara de viveristas, floricultores y afines del noreste de la provincia de Buenos Aires, la Sociedad Argentina de Paisajistas, la Asociaci\u00f3n Argentina de Rosicultores, el INTA San Pedro y la Municipalidad de San Pedro.<\/p>\n\n\n\n<p>La finalidad del concurso es el dise\u00f1o de un rosedal, cuya construcci\u00f3n pueda concretarse a corto plazo y el objetivo generar un espacio natural atractivo a los sentidos, que brinde informaci\u00f3n de las principales variedades de rosas y plantas, nativas y cultivadas, existentes en San Pedro, con criterios de uso para todo p\u00fablico, transitabilidad para Personas con Movilidad Reducida (PMR) y con disminuci\u00f3n visual. Entre los objetivos espec\u00edficos se mencionan:\u00a0 revalorizar los rosales y las plantas nativas y de calidad producidas en San Pedro; contar con un espacio natural de esparcimiento de uso cotidiano y que permita ser analizado funcionalmente como un antecedente para ser replicado en otros espacios similares. <\/p>\n\n\n\n<p>Fechas importantes:<br>\nApertura del Concurso: 25\/11\/2019<br>\nVisita al lugar destinado al rosedal: libre. <br>\nVisita guiada al lugar de intervenci\u00f3n: 9\/12\/19 a las 10 hs en el lugar. Eventualmente podr\u00e1 organizarse otra recorrida si los organizadores lo consideraran necesario y se informar\u00e1 en www.viverosdesanpedro.com.ar y en el Facebook de la C\u00e1mara de viveristas de San Pedro<br>\nFecha l\u00edmite Consultas a asesor\u00eda: 04\/02\/2020 (con respuesta dentro de las 72 hs h\u00e1biles posteriores)<br>\nFecha l\u00edmite de inscripci\u00f3n (para recibir n\u00famero de proyecto): 07\/02\/2020<br>\nFecha l\u00edmite presentaci\u00f3n de propuestas: 14\/02\/2020<br>\nResoluci\u00f3n del Jurado: primera quincena de marzo, con anuncio de veredicto la tercera semana de marzo a trav\u00e9s del sitio<br>\nLos trabajos presentados ser\u00e1n evaluados por:<\/p>\n\n\n\n<p>Factibilidad de implementaci\u00f3n t\u00e9cnica y econ\u00f3mica.<br>\nEl mejor dise\u00f1o en cuanto a combinaci\u00f3n de alturas, formas, colores, propuesta de un uso arm\u00f3nico con otros g\u00e9neros, que lleven a una complementaci\u00f3n de ellos entre s\u00ed y prolonguen durante el a\u00f1o el mayor tiempo posible lo atractivo del predio. <br>\nEl m\u00ednimo movimiento de suelo en el sector de la barranca, pero el suficiente para que la implantaci\u00f3n y perdurabilidad de lo realizado no se vean afectados.<br>\nLa inclusi\u00f3n de propuestas que tiendan a minimizar y reducir el lavado y deterioro de la barranca.<br>\nLa posibilidad de su construcci\u00f3n en etapas, pero cada una de ellas que implique obtener el predio visitable y atractivo.<\/p>\n\n\n\n<p>La propuesta elegida por el Jurado ser\u00e1 beneficiaria de un premio consistente en la suma de $ 50.000 (cincuenta mil pesos) y el Jurado podr\u00e1 otorgar Menciones especiales a los interesados.<\/p>\n","protected":false},"excerpt":{"rendered":"<p>Arquitectos, ingenieros agr\u00f3nomos, paisajistas y estudiantes del \u00faltimo a\u00f1o de esas carreras, podr\u00e1n participar del concurso pensado para la creaci\u00f3n de un espacio espec\u00edfico, p\u00fablico y estrat\u00e9gico que facilite la visualizaci\u00f3n de rosas, producci\u00f3n que ocupa un lugar muy importante dentro de la diversidad de especies que cultivan los viveros de San Pedro. En la [&hellip;]<\/p>\n","protected":false},"author":4,"featured_media":64503,"comment_status":"open","ping_status":"closed","sticky":false,"template":"","format":"standard","meta":{"om_disable_all_campaigns":false,"_jetpack_memberships_contains_paid_content":false,"footnotes":""},"categories":[101,2],"tags":[],"class_list":["post-64502","post","type-post","status-publish","format-standard","has-post-thumbnail","hentry","category-interes-general-locales","category-locales"],"aioseo_notices":[],"gutentor_comment":0,"jetpack_featured_media_url":"https:\/\/eldiariodesanpedro.com.ar\/sitio\/wp-content\/uploads\/2019\/11\/logo-concurso-rosal.png","jetpack_shortlink":"https:\/\/wp.me\/p6RhLt-gMm","jetpack_sharing_enabled":true,"_links":{"self":[{"href":"https:\/\/eldiariodesanpedro.com.ar\/sitio\/wp-json\/wp\/v2\/posts\/64502","targetHints":{"allow":["GET"]}}],"collection":[{"href":"https:\/\/eldiariodesanpedro.com.ar\/sitio\/wp-json\/wp\/v2\/posts"}],"about":[{"href":"https:\/\/eldiariodesanpedro.com.ar\/sitio\/wp-json\/wp\/v2\/types\/post"}],"author":[{"embeddable":true,"href":"https:\/\/eldiariodesanpedro.com.ar\/sitio\/wp-json\/wp\/v2\/users\/4"}],"replies":[{"embeddable":true,"href":"https:\/\/eldiariodesanpedro.com.ar\/sitio\/wp-json\/wp\/v2\/comments?post=64502"}],"version-history":[{"count":1,"href":"https:\/\/eldiariodesanpedro.com.ar\/sitio\/wp-json\/wp\/v2\/posts\/64502\/revisions"}],"predecessor-version":[{"id":64504,"href":"https:\/\/eldiariodesanpedro.com.ar\/sitio\/wp-json\/wp\/v2\/posts\/64502\/revisions\/64504"}],"wp:featuredmedia":[{"embeddable":true,"href":"https:\/\/eldiariodesanpedro.com.ar\/sitio\/wp-json\/wp\/v2\/media\/64503"}],"wp:attachment":[{"href":"https:\/\/eldiariodesanpedro.com.ar\/sitio\/wp-json\/wp\/v2\/media?parent=64502"}],"wp:term":[{"taxonomy":"category","embeddable":true,"href":"https:\/\/eldiariodesanpedro.com.ar\/sitio\/wp-json\/wp\/v2\/categories?post=64502"},{"taxonomy":"post_tag","embeddable":true,"href":"https:\/\/eldiariodesanpedro.com.ar\/sitio\/wp-json\/wp\/v2\/tags?post=64502"}],"curies":[{"name":"wp","href":"https:\/\/api.w.org\/{rel}","templated":true}]}}