{"id":64500,"date":"2019-11-24T17:01:26","date_gmt":"2019-11-24T20:01:26","guid":{"rendered":"https:\/\/eldiariodesanpedro.com.ar\/sitio\/?p=64500"},"modified":"2019-11-24T17:01:32","modified_gmt":"2019-11-24T20:01:32","slug":"roban-una-pileta-en-zona-rural","status":"publish","type":"post","link":"https:\/\/eldiariodesanpedro.com.ar\/sitio\/roban-una-pileta-en-zona-rural\/","title":{"rendered":"Roban una pileta en zona rural"},"content":{"rendered":"<!-- VideographyWP Plugin Message: Automatic video embedding prevented by plugin options. -->\n\n<p>\u00a0Este sabado se recibi\u00f3 la denuncia de un vecino de la ciudad en la comisar\u00eda quien declara que en su domicilio ubicado en Callej\u00f3n Tulisi, zona rural, que d\u00edas antes autores ignorados, le sustrajeron una pileta lona de 4 por 4 metros, y 1,20 metros de alto color azul. <\/p>\n","protected":false},"excerpt":{"rendered":"<p>\u00a0Este sabado se recibi\u00f3 la denuncia de un vecino de la ciudad en la comisar\u00eda quien declara que en su domicilio ubicado en Callej\u00f3n Tulisi, zona rural, que d\u00edas antes autores ignorados, le sustrajeron una pileta lona de 4 por 4 metros, y 1,20 metros de alto color azul.<\/p>\n","protected":false},"author":4,"featured_media":64449,"comment_status":"open","ping_status":"closed","sticky":false,"template":"","format":"standard","meta":{"om_disable_all_campaigns":false,"_jetpack_memberships_contains_paid_content":false,"footnotes":""},"categories":[2,103],"tags":[],"class_list":["post-64500","post","type-post","status-publish","format-standard","has-post-thumbnail","hentry","category-locales","category-policiales-locales"],"aioseo_notices":[],"gutentor_comment":1,"jetpack_featured_media_url":"https:\/\/eldiariodesanpedro.com.ar\/sitio\/wp-content\/uploads\/2019\/11\/patrullero-policia_10.jpg","jetpack_shortlink":"https:\/\/wp.me\/p6RhLt-gMk","jetpack_sharing_enabled":true,"_links":{"self":[{"href":"https:\/\/eldiariodesanpedro.com.ar\/sitio\/wp-json\/wp\/v2\/posts\/64500","targetHints":{"allow":["GET"]}}],"collection":[{"href":"https:\/\/eldiariodesanpedro.com.ar\/sitio\/wp-json\/wp\/v2\/posts"}],"about":[{"href":"https:\/\/eldiariodesanpedro.com.ar\/sitio\/wp-json\/wp\/v2\/types\/post"}],"author":[{"embeddable":true,"href":"https:\/\/eldiariodesanpedro.com.ar\/sitio\/wp-json\/wp\/v2\/users\/4"}],"replies":[{"embeddable":true,"href":"https:\/\/eldiariodesanpedro.com.ar\/sitio\/wp-json\/wp\/v2\/comments?post=64500"}],"version-history":[{"count":1,"href":"https:\/\/eldiariodesanpedro.com.ar\/sitio\/wp-json\/wp\/v2\/posts\/64500\/revisions"}],"predecessor-version":[{"id":64501,"href":"https:\/\/eldiariodesanpedro.com.ar\/sitio\/wp-json\/wp\/v2\/posts\/64500\/revisions\/64501"}],"wp:featuredmedia":[{"embeddable":true,"href":"https:\/\/eldiariodesanpedro.com.ar\/sitio\/wp-json\/wp\/v2\/media\/64449"}],"wp:attachment":[{"href":"https:\/\/eldiariodesanpedro.com.ar\/sitio\/wp-json\/wp\/v2\/media?parent=64500"}],"wp:term":[{"taxonomy":"category","embeddable":true,"href":"https:\/\/eldiariodesanpedro.com.ar\/sitio\/wp-json\/wp\/v2\/categories?post=64500"},{"taxonomy":"post_tag","embeddable":true,"href":"https:\/\/eldiariodesanpedro.com.ar\/sitio\/wp-json\/wp\/v2\/tags?post=64500"}],"curies":[{"name":"wp","href":"https:\/\/api.w.org\/{rel}","templated":true}]}}