{"id":63908,"date":"2019-11-12T18:45:52","date_gmt":"2019-11-12T21:45:52","guid":{"rendered":"https:\/\/eldiariodesanpedro.com.ar\/sitio\/?p=63908"},"modified":"2019-11-12T18:45:56","modified_gmt":"2019-11-12T21:45:56","slug":"operativo-de-transito-12-motos-y-2-camiones-secuestrados","status":"publish","type":"post","link":"https:\/\/eldiariodesanpedro.com.ar\/sitio\/operativo-de-transito-12-motos-y-2-camiones-secuestrados\/","title":{"rendered":"Operativo de tr\u00e1nsito: 12 motos y 2 camiones secuestrados"},"content":{"rendered":"<!-- VideographyWP Plugin Message: Automatic video embedding prevented by plugin options. -->\n\n<p>Durante este martes, personal de inspecci\u00f3n en conjunto con personal policial procedieron al secuestro de varios vehiculos encontr\u00e1ndose en infracci\u00f3n.<\/p>\n\n\n\n<p>El operativo a cargo del Director \u00c1ngel Burgos se realizo en intersecci\u00f3n de las calles Pellegrini y Caroni.<\/p>\n\n\n\n<p>Los resultados fueron: 12 retenciones de motocicletas .Preventivamente por falta de casco protector obligatorio, una de ellas era conducida por un  menor de edad y tenia  falta de Documentaci\u00f3n<\/p>\n\n\n\n<p>Tambi\u00e9n un Cami\u00f3n fue  retenido por no abonar el Canon de pesaje municipal y otro cami\u00f3n retenido preventivamente por no poseer lona reglamentaria transportando carga vol\u00e1til.<\/p>\n\n\n\n<p> Todo a disposici\u00f3n del Juzgado de Faltas<\/p>\n","protected":false},"excerpt":{"rendered":"<p>Durante este martes, personal de inspecci\u00f3n en conjunto con personal policial procedieron al secuestro de varios vehiculos encontr\u00e1ndose en infracci\u00f3n. El operativo a cargo del Director \u00c1ngel Burgos se realizo en intersecci\u00f3n de las calles Pellegrini y Caroni. Los resultados fueron: 12 retenciones de motocicletas .Preventivamente por falta de casco protector obligatorio, una de ellas [&hellip;]<\/p>\n","protected":false},"author":4,"featured_media":61916,"comment_status":"open","ping_status":"closed","sticky":false,"template":"","format":"standard","meta":{"om_disable_all_campaigns":false,"_jetpack_memberships_contains_paid_content":false,"footnotes":""},"categories":[2,103],"tags":[],"class_list":["post-63908","post","type-post","status-publish","format-standard","has-post-thumbnail","hentry","category-locales","category-policiales-locales"],"aioseo_notices":[],"gutentor_comment":0,"jetpack_featured_media_url":"https:\/\/eldiariodesanpedro.com.ar\/sitio\/wp-content\/uploads\/2019\/10\/0-5.jpg","jetpack_shortlink":"https:\/\/wp.me\/p6RhLt-gCM","jetpack_sharing_enabled":true,"_links":{"self":[{"href":"https:\/\/eldiariodesanpedro.com.ar\/sitio\/wp-json\/wp\/v2\/posts\/63908","targetHints":{"allow":["GET"]}}],"collection":[{"href":"https:\/\/eldiariodesanpedro.com.ar\/sitio\/wp-json\/wp\/v2\/posts"}],"about":[{"href":"https:\/\/eldiariodesanpedro.com.ar\/sitio\/wp-json\/wp\/v2\/types\/post"}],"author":[{"embeddable":true,"href":"https:\/\/eldiariodesanpedro.com.ar\/sitio\/wp-json\/wp\/v2\/users\/4"}],"replies":[{"embeddable":true,"href":"https:\/\/eldiariodesanpedro.com.ar\/sitio\/wp-json\/wp\/v2\/comments?post=63908"}],"version-history":[{"count":1,"href":"https:\/\/eldiariodesanpedro.com.ar\/sitio\/wp-json\/wp\/v2\/posts\/63908\/revisions"}],"predecessor-version":[{"id":63909,"href":"https:\/\/eldiariodesanpedro.com.ar\/sitio\/wp-json\/wp\/v2\/posts\/63908\/revisions\/63909"}],"wp:featuredmedia":[{"embeddable":true,"href":"https:\/\/eldiariodesanpedro.com.ar\/sitio\/wp-json\/wp\/v2\/media\/61916"}],"wp:attachment":[{"href":"https:\/\/eldiariodesanpedro.com.ar\/sitio\/wp-json\/wp\/v2\/media?parent=63908"}],"wp:term":[{"taxonomy":"category","embeddable":true,"href":"https:\/\/eldiariodesanpedro.com.ar\/sitio\/wp-json\/wp\/v2\/categories?post=63908"},{"taxonomy":"post_tag","embeddable":true,"href":"https:\/\/eldiariodesanpedro.com.ar\/sitio\/wp-json\/wp\/v2\/tags?post=63908"}],"curies":[{"name":"wp","href":"https:\/\/api.w.org\/{rel}","templated":true}]}}