{"id":63897,"date":"2019-11-12T18:12:36","date_gmt":"2019-11-12T21:12:36","guid":{"rendered":"https:\/\/eldiariodesanpedro.com.ar\/sitio\/?p=63897"},"modified":"2019-11-12T18:12:41","modified_gmt":"2019-11-12T21:12:41","slug":"conflicto-vecinal-con-armas-de-fuego","status":"publish","type":"post","link":"https:\/\/eldiariodesanpedro.com.ar\/sitio\/conflicto-vecinal-con-armas-de-fuego\/","title":{"rendered":"Conflicto vecinal con armas de fuego"},"content":{"rendered":"<!-- VideographyWP Plugin Message: Automatic video embedding prevented by plugin options. -->\n\n<p>Esta madrugada personal de comisaria junto con personal del Grupo de Apoyo Departamental GAD,  procedieron la aprehension de un sujeto quien se encontraba armado e intento darse a la fuga y agredir a los efectivos.<\/p>\n\n\n\n<p>El hecho se produjo en intersecci\u00f3n de las calles Ruffa y Sargento Celada, all\u00ed un conflicto entre personas armadas, al visualizar la presencia policial comenzaron a agredir tambi\u00e9n a los efectivos y a tirar piedras contra los m\u00f3viles da\u00f1ando uno de ellos en la parte de la luneta.<\/p>\n\n\n\n<p>Se logra aprehender a un masculino de 36 a\u00f1os a\u00f1os de edad quien intenta darse a la fuga, secuestrando le en su poder un arma blanca.<\/p>\n\n\n\n<p>Interviene la Fiscalia N|5<\/p>\n","protected":false},"excerpt":{"rendered":"<p>Esta madrugada personal de comisaria junto con personal del Grupo de Apoyo Departamental GAD, procedieron la aprehension de un sujeto quien se encontraba armado e intento darse a la fuga y agredir a los efectivos. El hecho se produjo en intersecci\u00f3n de las calles Ruffa y Sargento Celada, all\u00ed un conflicto entre personas armadas, al [&hellip;]<\/p>\n","protected":false},"author":4,"featured_media":63477,"comment_status":"open","ping_status":"closed","sticky":false,"template":"","format":"standard","meta":{"om_disable_all_campaigns":false,"_jetpack_memberships_contains_paid_content":false,"footnotes":""},"categories":[2,103],"tags":[],"class_list":["post-63897","post","type-post","status-publish","format-standard","has-post-thumbnail","hentry","category-locales","category-policiales-locales"],"aioseo_notices":[],"gutentor_comment":0,"jetpack_featured_media_url":"https:\/\/eldiariodesanpedro.com.ar\/sitio\/wp-content\/uploads\/2019\/11\/patrullero-min.jpg","jetpack_shortlink":"https:\/\/wp.me\/p6RhLt-gCB","jetpack_sharing_enabled":true,"_links":{"self":[{"href":"https:\/\/eldiariodesanpedro.com.ar\/sitio\/wp-json\/wp\/v2\/posts\/63897","targetHints":{"allow":["GET"]}}],"collection":[{"href":"https:\/\/eldiariodesanpedro.com.ar\/sitio\/wp-json\/wp\/v2\/posts"}],"about":[{"href":"https:\/\/eldiariodesanpedro.com.ar\/sitio\/wp-json\/wp\/v2\/types\/post"}],"author":[{"embeddable":true,"href":"https:\/\/eldiariodesanpedro.com.ar\/sitio\/wp-json\/wp\/v2\/users\/4"}],"replies":[{"embeddable":true,"href":"https:\/\/eldiariodesanpedro.com.ar\/sitio\/wp-json\/wp\/v2\/comments?post=63897"}],"version-history":[{"count":1,"href":"https:\/\/eldiariodesanpedro.com.ar\/sitio\/wp-json\/wp\/v2\/posts\/63897\/revisions"}],"predecessor-version":[{"id":63898,"href":"https:\/\/eldiariodesanpedro.com.ar\/sitio\/wp-json\/wp\/v2\/posts\/63897\/revisions\/63898"}],"wp:featuredmedia":[{"embeddable":true,"href":"https:\/\/eldiariodesanpedro.com.ar\/sitio\/wp-json\/wp\/v2\/media\/63477"}],"wp:attachment":[{"href":"https:\/\/eldiariodesanpedro.com.ar\/sitio\/wp-json\/wp\/v2\/media?parent=63897"}],"wp:term":[{"taxonomy":"category","embeddable":true,"href":"https:\/\/eldiariodesanpedro.com.ar\/sitio\/wp-json\/wp\/v2\/categories?post=63897"},{"taxonomy":"post_tag","embeddable":true,"href":"https:\/\/eldiariodesanpedro.com.ar\/sitio\/wp-json\/wp\/v2\/tags?post=63897"}],"curies":[{"name":"wp","href":"https:\/\/api.w.org\/{rel}","templated":true}]}}