{"id":63893,"date":"2019-11-12T18:01:50","date_gmt":"2019-11-12T21:01:50","guid":{"rendered":"https:\/\/eldiariodesanpedro.com.ar\/sitio\/?p=63893"},"modified":"2019-11-12T18:01:55","modified_gmt":"2019-11-12T21:01:55","slug":"aprehendido-con-moto-adulterada","status":"publish","type":"post","link":"https:\/\/eldiariodesanpedro.com.ar\/sitio\/aprehendido-con-moto-adulterada\/","title":{"rendered":"Aprehendido con moto adulterada"},"content":{"rendered":"<!-- VideographyWP Plugin Message: Automatic video embedding prevented by plugin options. -->\n\n<p>Un joven de 20 a\u00f1os de edad fue aprehendido por circular en una motocicleta quien registraba numeraci\u00f3n del motor adulterado.<\/p>\n\n\n\n<p>Sucedi\u00f3 en intersecci\u00f3n de calles Gral. Pueyrred\u00f3n y Las Provincias, personal policial procedi\u00f3 a la aprehension de un  masculino, quien circulaba en una motocicleta 125cc, la cual presentaba adulterada numeraci\u00f3n motor.<\/p>\n\n\n\n<p> Respecto del tenedor se cumplieron recaudos legales en sede policial con intervenci\u00f3n de la fiscalia en turno de San Pedro.<br><\/p>\n","protected":false},"excerpt":{"rendered":"<p>Un joven de 20 a\u00f1os de edad fue aprehendido por circular en una motocicleta quien registraba numeraci\u00f3n del motor adulterado. Sucedi\u00f3 en intersecci\u00f3n de calles Gral. Pueyrred\u00f3n y Las Provincias, personal policial procedi\u00f3 a la aprehension de un masculino, quien circulaba en una motocicleta 125cc, la cual presentaba adulterada numeraci\u00f3n motor. Respecto del tenedor se [&hellip;]<\/p>\n","protected":false},"author":4,"featured_media":62530,"comment_status":"open","ping_status":"closed","sticky":false,"template":"","format":"standard","meta":{"om_disable_all_campaigns":false,"_jetpack_memberships_contains_paid_content":false,"footnotes":""},"categories":[2,103],"tags":[],"class_list":["post-63893","post","type-post","status-publish","format-standard","has-post-thumbnail","hentry","category-locales","category-policiales-locales"],"aioseo_notices":[],"gutentor_comment":0,"jetpack_featured_media_url":"https:\/\/eldiariodesanpedro.com.ar\/sitio\/wp-content\/uploads\/2019\/10\/patrullero-policia_9.jpg","jetpack_shortlink":"https:\/\/wp.me\/p6RhLt-gCx","jetpack_sharing_enabled":true,"_links":{"self":[{"href":"https:\/\/eldiariodesanpedro.com.ar\/sitio\/wp-json\/wp\/v2\/posts\/63893","targetHints":{"allow":["GET"]}}],"collection":[{"href":"https:\/\/eldiariodesanpedro.com.ar\/sitio\/wp-json\/wp\/v2\/posts"}],"about":[{"href":"https:\/\/eldiariodesanpedro.com.ar\/sitio\/wp-json\/wp\/v2\/types\/post"}],"author":[{"embeddable":true,"href":"https:\/\/eldiariodesanpedro.com.ar\/sitio\/wp-json\/wp\/v2\/users\/4"}],"replies":[{"embeddable":true,"href":"https:\/\/eldiariodesanpedro.com.ar\/sitio\/wp-json\/wp\/v2\/comments?post=63893"}],"version-history":[{"count":1,"href":"https:\/\/eldiariodesanpedro.com.ar\/sitio\/wp-json\/wp\/v2\/posts\/63893\/revisions"}],"predecessor-version":[{"id":63894,"href":"https:\/\/eldiariodesanpedro.com.ar\/sitio\/wp-json\/wp\/v2\/posts\/63893\/revisions\/63894"}],"wp:featuredmedia":[{"embeddable":true,"href":"https:\/\/eldiariodesanpedro.com.ar\/sitio\/wp-json\/wp\/v2\/media\/62530"}],"wp:attachment":[{"href":"https:\/\/eldiariodesanpedro.com.ar\/sitio\/wp-json\/wp\/v2\/media?parent=63893"}],"wp:term":[{"taxonomy":"category","embeddable":true,"href":"https:\/\/eldiariodesanpedro.com.ar\/sitio\/wp-json\/wp\/v2\/categories?post=63893"},{"taxonomy":"post_tag","embeddable":true,"href":"https:\/\/eldiariodesanpedro.com.ar\/sitio\/wp-json\/wp\/v2\/tags?post=63893"}],"curies":[{"name":"wp","href":"https:\/\/api.w.org\/{rel}","templated":true}]}}