{"id":63887,"date":"2019-11-12T17:21:01","date_gmt":"2019-11-12T20:21:01","guid":{"rendered":"https:\/\/eldiariodesanpedro.com.ar\/sitio\/?p=63887"},"modified":"2019-11-12T17:21:06","modified_gmt":"2019-11-12T20:21:06","slug":"taller-introductorio-al-marketing-digital","status":"publish","type":"post","link":"https:\/\/eldiariodesanpedro.com.ar\/sitio\/taller-introductorio-al-marketing-digital\/","title":{"rendered":"Taller Introductorio al Marketing digital"},"content":{"rendered":"<!-- VideographyWP Plugin Message: Automatic video embedding prevented by plugin options. -->\n\n<p>\n\nContinuando con el ciclo de charlas, capacitaciones y actividades propuestas desde el Centro de Comercio e Industria de San Pedro, se invita a socios y no socios a inscribirse en el Taller Introductorio al Marketing digital que tendr\u00e1 lugar el pr\u00f3ximo 3 de diciembre desde las 19.30<br>Esta actividad es arancelada y hasta el pr\u00f3ximo 21 se pueden inscribir con un 10% de descuento. Los socios acceden a un arancel diferencial pero pueden participar tambi\u00e9n quienes a\u00fan no sean socios de la entidad.&nbsp;<br>El taller presenta como objetivos ofrecer un panorama general acerca de los diferentes canales y herramientas de marketing digital existentes en el mercado. Adem\u00e1s, busca dotar al empresario y comerciante de recursos para la toma de decisiones acerca de la estrategia de posicionamiento digital de su negocio.<\/p>\n\n\n\n<p><strong>Contenidos<\/strong><br>Se abordan las principales herramientas de marketing digital y comercio electr\u00f3nico electr\u00f3nico, visibilizando el car\u00e1cter integral de la estrategia. Los participantes elaboran durante el taller un plan de trabajo, seleccionado los canales m\u00e1s adecuados para su caso.<br>La actividad durar\u00e1 4 horas y estar\u00e1 a cargo de la<strong>&nbsp;Lic. Jimena Tomarelli,<\/strong>&nbsp;especialista en emprendedorismo, marketing digital y comunicaci\u00f3n. La disertante cuenta con m\u00e1s de 8 a\u00f1os de experiencia en publicidad y marketing, ha desarrollado campa\u00f1as para m\u00faltiples empresas en el pa\u00eds con certificaciones en Google Ads e Inbound Marketing (Hubspot).<\/p>\n\n\n\n<p><strong>Informaci\u00f3n:<\/strong><br>* Se entrega diploma universitario.<br>* Arancel diferenciado para socios $ 350 (30% de descuento)<br>* No Socios $500<br>Bonificaci\u00f3n de 10% por reserva anticipada, antes del 26 de Noviembre:<br>Socios $ 315 \/ No Socios $ 450<\/p>\n\n\n\n<p><strong>Inscripci\u00f3n en las oficinas de Mitre 650 03329-423386 \/ 425266 o escribiendo a&nbsp;<a href=\"mailto:centrodecomercio@arnetbiz.com.ar\" target=\"_blank\" rel=\"noreferrer noopener\">centrodecomercio@arnetbiz.com.ar<\/a><\/strong><\/p>\n","protected":false},"excerpt":{"rendered":"<p>Continuando con el ciclo de charlas, capacitaciones y actividades propuestas desde el Centro de Comercio e Industria de San Pedro, se invita a socios y no socios a inscribirse en el Taller Introductorio al Marketing digital que tendr\u00e1 lugar el pr\u00f3ximo 3 de diciembre desde las 19.30Esta actividad es arancelada y hasta el pr\u00f3ximo 21 [&hellip;]<\/p>\n","protected":false},"author":4,"featured_media":63888,"comment_status":"open","ping_status":"closed","sticky":false,"template":"","format":"standard","meta":{"om_disable_all_campaigns":false,"_jetpack_memberships_contains_paid_content":false,"footnotes":""},"categories":[101,2],"tags":[],"class_list":["post-63887","post","type-post","status-publish","format-standard","has-post-thumbnail","hentry","category-interes-general-locales","category-locales"],"aioseo_notices":[],"gutentor_comment":0,"jetpack_featured_media_url":"https:\/\/eldiariodesanpedro.com.ar\/sitio\/wp-content\/uploads\/2019\/11\/Marketing.jpg","jetpack_shortlink":"https:\/\/wp.me\/p6RhLt-gCr","jetpack_sharing_enabled":true,"_links":{"self":[{"href":"https:\/\/eldiariodesanpedro.com.ar\/sitio\/wp-json\/wp\/v2\/posts\/63887","targetHints":{"allow":["GET"]}}],"collection":[{"href":"https:\/\/eldiariodesanpedro.com.ar\/sitio\/wp-json\/wp\/v2\/posts"}],"about":[{"href":"https:\/\/eldiariodesanpedro.com.ar\/sitio\/wp-json\/wp\/v2\/types\/post"}],"author":[{"embeddable":true,"href":"https:\/\/eldiariodesanpedro.com.ar\/sitio\/wp-json\/wp\/v2\/users\/4"}],"replies":[{"embeddable":true,"href":"https:\/\/eldiariodesanpedro.com.ar\/sitio\/wp-json\/wp\/v2\/comments?post=63887"}],"version-history":[{"count":1,"href":"https:\/\/eldiariodesanpedro.com.ar\/sitio\/wp-json\/wp\/v2\/posts\/63887\/revisions"}],"predecessor-version":[{"id":63889,"href":"https:\/\/eldiariodesanpedro.com.ar\/sitio\/wp-json\/wp\/v2\/posts\/63887\/revisions\/63889"}],"wp:featuredmedia":[{"embeddable":true,"href":"https:\/\/eldiariodesanpedro.com.ar\/sitio\/wp-json\/wp\/v2\/media\/63888"}],"wp:attachment":[{"href":"https:\/\/eldiariodesanpedro.com.ar\/sitio\/wp-json\/wp\/v2\/media?parent=63887"}],"wp:term":[{"taxonomy":"category","embeddable":true,"href":"https:\/\/eldiariodesanpedro.com.ar\/sitio\/wp-json\/wp\/v2\/categories?post=63887"},{"taxonomy":"post_tag","embeddable":true,"href":"https:\/\/eldiariodesanpedro.com.ar\/sitio\/wp-json\/wp\/v2\/tags?post=63887"}],"curies":[{"name":"wp","href":"https:\/\/api.w.org\/{rel}","templated":true}]}}