{"id":63886,"date":"2019-11-12T17:29:27","date_gmt":"2019-11-12T20:29:27","guid":{"rendered":"https:\/\/eldiariodesanpedro.com.ar\/sitio\/?p=63886"},"modified":"2019-11-12T19:03:39","modified_gmt":"2019-11-12T22:03:39","slug":"cadena-de-oracion-y-solidaridad-waldemar-nos-necesita","status":"publish","type":"post","link":"https:\/\/eldiariodesanpedro.com.ar\/sitio\/cadena-de-oracion-y-solidaridad-waldemar-nos-necesita\/","title":{"rendered":"Cadena de Oraci\u00f3n y Solidaridad: Waldemar nos necesita !!!"},"content":{"rendered":"<!-- VideographyWP Plugin Message: Automatic video embedding prevented by plugin options. -->\n\n<p>Choripaneada, rifas, urnas para donaciones, la campa\u00f1a solidaria comenz\u00f3, Waldemar no est\u00e1 solo, todo San Pedro colaborando para su recuperaci\u00f3n y que sus pap\u00e1s lo puedan acompa\u00f1ar este largo camino que le toca transitar .<\/p>\n\n\n\n<p>Waldemar se encuentra internado desde el domingo en el Sanatorio Anchorena de San Martin. Desde ese d\u00eda el ni\u00f1o se encuentra en estado cr\u00edtico, internado en terapia intensiva.<\/p>\n\n\n\n<p>Los m\u00e9dicos aguardan su evoluci\u00f3n para poder intervenir quir\u00fargicamente su cabeza a ra\u00edz de un traumatismo de cr\u00e1neo severo que sufri\u00f3.<\/p>\n\n\n\n<p>Amigos del gimnasio de Sebasti\u00e1n, su pap\u00e1, organizaron una gran choripaneada para esta noche, alrededor de las 21 horas, d\u00f3nde much\u00edsima gente se acerc\u00f3 adem\u00e1s a colaborar para poder realizarla y donando efectivo en una de las urnas que se encuentra all\u00ed, Boulevar Moreno 55.<\/p>\n\n\n\n<p>Los amigos muy emocionados contaron en una entrevista exclusiva para el Diario que no descansar\u00e1n haciendo lo posible para ayudar a la familia Rossi, \u00abSebas es una gran persona, tiene un coraz\u00f3n enorme y su hijo va a salir adelante, le mandamos mucha fuerzas desde ac\u00e1 y F\u00e9, Waldemar para a volver a San Pedro sano\u00bb, expresaron.<\/p>\n\n\n\n<figure class=\"wp-block-image\"><img decoding=\"async\" width=\"1024\" height=\"576\" data-attachment-id=\"63885\" data-permalink=\"https:\/\/eldiariodesanpedro.com.ar\/sitio\/img_20191112_113819239_hdr2\/\" data-orig-file=\"https:\/\/eldiariodesanpedro.com.ar\/sitio\/wp-content\/uploads\/2019\/11\/IMG_20191112_113819239_HDR2.jpg\" data-orig-size=\"4160,2340\" data-comments-opened=\"1\" data-image-meta=\"{&quot;aperture&quot;:&quot;2.2&quot;,&quot;credit&quot;:&quot;&quot;,&quot;camera&quot;:&quot;motorola one&quot;,&quot;caption&quot;:&quot;&quot;,&quot;created_timestamp&quot;:&quot;1573558701&quot;,&quot;copyright&quot;:&quot;&quot;,&quot;focal_length&quot;:&quot;3.463&quot;,&quot;iso&quot;:&quot;100&quot;,&quot;shutter_speed&quot;:&quot;0.0083333333333333&quot;,&quot;title&quot;:&quot;&quot;,&quot;orientation&quot;:&quot;1&quot;}\" data-image-title=\"IMG_20191112_113819239_HDR~2\" data-image-description=\"\" data-image-caption=\"\" data-large-file=\"https:\/\/eldiariodesanpedro.com.ar\/sitio\/wp-content\/uploads\/2019\/11\/IMG_20191112_113819239_HDR2-1024x576.jpg\" data-src=\"https:\/\/eldiariodesanpedro.com.ar\/sitio\/wp-content\/uploads\/2019\/11\/IMG_20191112_113819239_HDR2-1024x576.jpg\" alt=\"\" class=\"wp-image-63885 lazyload\" data-srcset=\"https:\/\/eldiariodesanpedro.com.ar\/sitio\/wp-content\/uploads\/2019\/11\/IMG_20191112_113819239_HDR2-1024x576.jpg 1024w, https:\/\/eldiariodesanpedro.com.ar\/sitio\/wp-content\/uploads\/2019\/11\/IMG_20191112_113819239_HDR2-300x169.jpg 300w, https:\/\/eldiariodesanpedro.com.ar\/sitio\/wp-content\/uploads\/2019\/11\/IMG_20191112_113819239_HDR2-768x432.jpg 768w, https:\/\/eldiariodesanpedro.com.ar\/sitio\/wp-content\/uploads\/2019\/11\/IMG_20191112_113819239_HDR2-800x450.jpg 800w\" data-sizes=\"(max-width: 1024px) 100vw, 1024px\" src=\"data:image\/svg+xml;base64,PHN2ZyB3aWR0aD0iMSIgaGVpZ2h0PSIxIiB4bWxucz0iaHR0cDovL3d3dy53My5vcmcvMjAwMC9zdmciPjwvc3ZnPg==\" style=\"--smush-placeholder-width: 1024px; --smush-placeholder-aspect-ratio: 1024\/576;\" \/><\/figure>\n\n\n\n<p>Tambi\u00e9n desde el jard\u00edn 906 Mataderos, d\u00f3nde concurre el menor se sumaron a la campa\u00f1a y colocaron una urna para colaborar con la familia.<\/p>\n\n\n\n<p>Un familiar de la localidad de Gobernador Castro se sum\u00f3 con una rifa.<\/p>\n\n\n\n<p>Un panadero p\u00fablico en facebook que donaba panes para la elaboraci\u00f3n de esta noche, carnicer\u00edas, decenas de familia sum\u00e1ndose .<\/p>\n\n\n\n<p>Por la tarde recibimos el mensaje de su mam\u00e1 quien nos contaba el \u00faltimo parte m\u00e9dico, \u00abmi hijo hoy no tuvo un gran d\u00eda pero hoy habl\u00e9 con los doctores con los 4 que tiene y me dijeron que todav\u00eda su estado es  cr\u00edtico,  lo que le pas\u00f3 es muy grave  pero se la banco,  es muy fuerte\u00bb<\/p>\n\n\n\n<p> \u00bb Le est\u00e1n aplicando doble dosis de droga porque  una no le hace nada pero van a esperar, tiene que pasar esta semana, puede tener convulsiones pero nos dijeron que lo va a soportar\u00bb<\/p>\n\n\n\n<p>\u00abTenemos una larga lucha, ac\u00e1 tenemos que quedarnos al lado de \u00e9l, no nos vamos a mover de su lado, sigan rezando por mi chiquito, nos necesita mucho\u00bb. <\/p>\n","protected":false},"excerpt":{"rendered":"<p>Choripaneada, rifas, urnas para donaciones, la campa\u00f1a solidaria comenz\u00f3, Waldemar no est\u00e1 solo, todo San Pedro colaborando para su recuperaci\u00f3n y que sus pap\u00e1s lo puedan acompa\u00f1ar este largo camino que le toca transitar . Waldemar se encuentra internado desde el domingo en el Sanatorio Anchorena de San Martin. Desde ese d\u00eda el ni\u00f1o se [&hellip;]<\/p>\n","protected":false},"author":4,"featured_media":63890,"comment_status":"open","ping_status":"closed","sticky":false,"template":"","format":"standard","meta":{"om_disable_all_campaigns":false,"_jetpack_memberships_contains_paid_content":false,"footnotes":""},"categories":[50,101,2],"tags":[],"class_list":["post-63886","post","type-post","status-publish","format-standard","has-post-thumbnail","hentry","category-destacadas","category-interes-general-locales","category-locales"],"aioseo_notices":[],"gutentor_comment":0,"jetpack_featured_media_url":"https:\/\/eldiariodesanpedro.com.ar\/sitio\/wp-content\/uploads\/2019\/11\/PicsArt_11-12-05.24.43.png","jetpack_shortlink":"https:\/\/wp.me\/p6RhLt-gCq","jetpack_sharing_enabled":true,"_links":{"self":[{"href":"https:\/\/eldiariodesanpedro.com.ar\/sitio\/wp-json\/wp\/v2\/posts\/63886","targetHints":{"allow":["GET"]}}],"collection":[{"href":"https:\/\/eldiariodesanpedro.com.ar\/sitio\/wp-json\/wp\/v2\/posts"}],"about":[{"href":"https:\/\/eldiariodesanpedro.com.ar\/sitio\/wp-json\/wp\/v2\/types\/post"}],"author":[{"embeddable":true,"href":"https:\/\/eldiariodesanpedro.com.ar\/sitio\/wp-json\/wp\/v2\/users\/4"}],"replies":[{"embeddable":true,"href":"https:\/\/eldiariodesanpedro.com.ar\/sitio\/wp-json\/wp\/v2\/comments?post=63886"}],"version-history":[{"count":3,"href":"https:\/\/eldiariodesanpedro.com.ar\/sitio\/wp-json\/wp\/v2\/posts\/63886\/revisions"}],"predecessor-version":[{"id":63911,"href":"https:\/\/eldiariodesanpedro.com.ar\/sitio\/wp-json\/wp\/v2\/posts\/63886\/revisions\/63911"}],"wp:featuredmedia":[{"embeddable":true,"href":"https:\/\/eldiariodesanpedro.com.ar\/sitio\/wp-json\/wp\/v2\/media\/63890"}],"wp:attachment":[{"href":"https:\/\/eldiariodesanpedro.com.ar\/sitio\/wp-json\/wp\/v2\/media?parent=63886"}],"wp:term":[{"taxonomy":"category","embeddable":true,"href":"https:\/\/eldiariodesanpedro.com.ar\/sitio\/wp-json\/wp\/v2\/categories?post=63886"},{"taxonomy":"post_tag","embeddable":true,"href":"https:\/\/eldiariodesanpedro.com.ar\/sitio\/wp-json\/wp\/v2\/tags?post=63886"}],"curies":[{"name":"wp","href":"https:\/\/api.w.org\/{rel}","templated":true}]}}