{"id":63883,"date":"2019-11-12T11:54:34","date_gmt":"2019-11-12T14:54:34","guid":{"rendered":"https:\/\/eldiariodesanpedro.com.ar\/sitio\/?p=63883"},"modified":"2019-11-12T11:54:38","modified_gmt":"2019-11-12T14:54:38","slug":"san-nicolas-el-juez-zubiri-le-otorgo-la-libertad-condicional-a-nievas-en-2015","status":"publish","type":"post","link":"https:\/\/eldiariodesanpedro.com.ar\/sitio\/san-nicolas-el-juez-zubiri-le-otorgo-la-libertad-condicional-a-nievas-en-2015\/","title":{"rendered":"SAN NICOL\u00c1S | El Juez Zubiri le otorg\u00f3 la libertad condicional a Nievas en 2015"},"content":{"rendered":"<!-- VideographyWP Plugin Message: Automatic video embedding prevented by plugin options. -->\n\n<p>\n\nEl asesinato de Daiana Almeida gener\u00f3 gran conmoci\u00f3n en la ciudadan\u00eda y m\u00e1s a\u00fan cuando se conoci\u00f3 la autor\u00eda. Ya que Miguel \u00c1ngel Nievas, tiene en su haber un frondoso prontuario delictivo.<\/p>\n\n\n\n<p>Revisando los archivos de Diario El Informante nos encontramos con un homicidio en ocasi\u00f3n de ri\u00f1a ocurrido el 16 de enero de 2012 en zona norte.<\/p>\n\n\n\n<p>Miguel \u00c1ngel Nievas le dio muerte a Agust\u00edn Vivas mediante varios puntazos y un corte en el cuello con arma blanca tras una feroz pelea. Similar modalidad al darle muerte a la joven enfermera.<\/p>\n\n\n\n<p>En 2012 Nievas qued\u00f3 detenido, ya teniendo antecedentes de violencia de g\u00e9nero y hurtos, siendo condenado a la pena de 9 a\u00f1os de prisi\u00f3n por el Tribunal Criminal N\u00ba1.<\/p>\n\n\n\n<p>En junio de 2015, el juez Correccional Dr. Sebasti\u00e1n Zubiri, le otorg\u00f3 la libertad condicional a Nievas. Lo hizo en base al Art\u00edculo 13 del C\u00f3digo Penal. Hab\u00eda cumplido los dos tercios de la condena de manera regular con los reglamentos carcelarios, estim\u00f3 el Juez. Adem\u00e1s consider\u00f3 que ten\u00eda conducta buena (8). Por ello firm\u00f3 el beneficio.<\/p>\n\n\n\n<p>La sentencia de 9 a\u00f1os a Nievas comprende causas anteriores en las cuales se acordaron juicios abreviados entre fiscal y defensor. Y as\u00ed se computaron todos los a\u00f1os en los que estuvo detenido.<\/p>\n\n\n\n<p>En enero de 2018, el Juez Dr. Anselmo Gonz\u00e1lez, firm\u00f3 el cese de toda intervenci\u00f3n judicial por agotamiento de pena. Por ende la causa de Homicidio que pesaba sobre Nievas, est\u00e1 archivada desde 2018.<\/p>\n\n\n\n<p>Esta semana el fiscal que entiende en la muerte de Daiana confirm\u00f3 a este medio: \u201cCon la car\u00e1tula de Privaci\u00f3n ileg\u00edtima de la libertad agravada, Homicidio criminis causa, Homicidio agravado por violencia de g\u00e9nero, Abuso sexual seguido de muerte\u00bb; al imputado le cabe una pena de reclusi\u00f3n perpetua, afirm\u00f3 Tempo. <\/p>\n\n\n\n<p>Fuente: Diario El Informante<\/p>\n","protected":false},"excerpt":{"rendered":"<p>El asesinato de Daiana Almeida gener\u00f3 gran conmoci\u00f3n en la ciudadan\u00eda y m\u00e1s a\u00fan cuando se conoci\u00f3 la autor\u00eda. Ya que Miguel \u00c1ngel Nievas, tiene en su haber un frondoso prontuario delictivo. Revisando los archivos de Diario El Informante nos encontramos con un homicidio en ocasi\u00f3n de ri\u00f1a ocurrido el 16 de enero de 2012 [&hellip;]<\/p>\n","protected":false},"author":4,"featured_media":63812,"comment_status":"open","ping_status":"closed","sticky":false,"template":"","format":"standard","meta":{"om_disable_all_campaigns":false,"_jetpack_memberships_contains_paid_content":false,"footnotes":""},"categories":[621],"tags":[],"class_list":["post-63883","post","type-post","status-publish","format-standard","has-post-thumbnail","hentry","category-regionales"],"aioseo_notices":[],"gutentor_comment":0,"jetpack_featured_media_url":"https:\/\/eldiariodesanpedro.com.ar\/sitio\/wp-content\/uploads\/2019\/11\/Nievas.jpg","jetpack_shortlink":"https:\/\/wp.me\/p6RhLt-gCn","jetpack_sharing_enabled":true,"_links":{"self":[{"href":"https:\/\/eldiariodesanpedro.com.ar\/sitio\/wp-json\/wp\/v2\/posts\/63883","targetHints":{"allow":["GET"]}}],"collection":[{"href":"https:\/\/eldiariodesanpedro.com.ar\/sitio\/wp-json\/wp\/v2\/posts"}],"about":[{"href":"https:\/\/eldiariodesanpedro.com.ar\/sitio\/wp-json\/wp\/v2\/types\/post"}],"author":[{"embeddable":true,"href":"https:\/\/eldiariodesanpedro.com.ar\/sitio\/wp-json\/wp\/v2\/users\/4"}],"replies":[{"embeddable":true,"href":"https:\/\/eldiariodesanpedro.com.ar\/sitio\/wp-json\/wp\/v2\/comments?post=63883"}],"version-history":[{"count":1,"href":"https:\/\/eldiariodesanpedro.com.ar\/sitio\/wp-json\/wp\/v2\/posts\/63883\/revisions"}],"predecessor-version":[{"id":63884,"href":"https:\/\/eldiariodesanpedro.com.ar\/sitio\/wp-json\/wp\/v2\/posts\/63883\/revisions\/63884"}],"wp:featuredmedia":[{"embeddable":true,"href":"https:\/\/eldiariodesanpedro.com.ar\/sitio\/wp-json\/wp\/v2\/media\/63812"}],"wp:attachment":[{"href":"https:\/\/eldiariodesanpedro.com.ar\/sitio\/wp-json\/wp\/v2\/media?parent=63883"}],"wp:term":[{"taxonomy":"category","embeddable":true,"href":"https:\/\/eldiariodesanpedro.com.ar\/sitio\/wp-json\/wp\/v2\/categories?post=63883"},{"taxonomy":"post_tag","embeddable":true,"href":"https:\/\/eldiariodesanpedro.com.ar\/sitio\/wp-json\/wp\/v2\/tags?post=63883"}],"curies":[{"name":"wp","href":"https:\/\/api.w.org\/{rel}","templated":true}]}}