{"id":63880,"date":"2019-11-12T11:45:48","date_gmt":"2019-11-12T14:45:48","guid":{"rendered":"https:\/\/eldiariodesanpedro.com.ar\/sitio\/?p=63880"},"modified":"2019-11-12T11:45:52","modified_gmt":"2019-11-12T14:45:52","slug":"baradero-detienen-a-un-sexagenario-que-habia-abusado-de-su-hijastra-por-mas-de-8-anos","status":"publish","type":"post","link":"https:\/\/eldiariodesanpedro.com.ar\/sitio\/baradero-detienen-a-un-sexagenario-que-habia-abusado-de-su-hijastra-por-mas-de-8-anos\/","title":{"rendered":"BARADERO | Detienen a un sexagenario que hab\u00eda abusado de su hijastra por m\u00e1s de 8 a\u00f1os"},"content":{"rendered":"<!-- VideographyWP Plugin Message: Automatic video embedding prevented by plugin options. -->\n\n<p>El d\u00eda s\u00e1bado, personal de la comisaria de la mujer y la familia procedi\u00f3 a cumplimentar la orden emanada por la UFI N\u00ba 8, logrando la detenci\u00f3n en una vivienda de calle O\u00b4Roarque al 3400 de un hombre de 62 a\u00f1os de edad quien es sospechoso de abusar de una hijastra durante m\u00e1s de 8 a\u00f1os.<\/p>\n\n\n\n<p>La victima es una joven de 19 a\u00f1os de edad quien refiere haber sido abusada sexualmente desde los 10 a\u00f1os por esta persona.<\/p>\n\n\n\n<p>El acusado, que cumple ya una condena con arresto domiciliario y pulsera electr\u00f3nica, esta detenido y a disposici\u00f3n de la fiscal\u00eda para tomarle declaraci\u00f3n indagatoria. <\/p>\n\n\n\n<p>El fiscal Hern\u00e1n Granda dialog\u00f3 con la 90.7 y se refiri\u00f3 a la detenci\u00f3n el s\u00e1bado a la noche de un hombre acusado de abuso.<\/p>\n\n\n\n<p><strong><em>\u00abse trata de un hombre que esta detenido, padrastro de la v\u00edctima, una femenina de 18 a\u00f1os de edad, y quien hace 8 a\u00f1os abusaba de ella de manera ininterrumpida.\u00bb<\/em><\/strong><\/p>\n\n\n\n<p><strong><em>\u00abLe pedimos a la sociedad que si sabe de casos de abuso sexual, no dude y realice la denuncia correspondiente\u00bb. fiscal Hern\u00e1n Granda<\/em><\/strong>.<\/p>\n\n\n\n<p>Fuente: Baradero Te Informa y Impacto Baradero<\/p>\n","protected":false},"excerpt":{"rendered":"<p>El d\u00eda s\u00e1bado, personal de la comisaria de la mujer y la familia procedi\u00f3 a cumplimentar la orden emanada por la UFI N\u00ba 8, logrando la detenci\u00f3n en una vivienda de calle O\u00b4Roarque al 3400 de un hombre de 62 a\u00f1os de edad quien es sospechoso de abusar de una hijastra durante m\u00e1s de 8 [&hellip;]<\/p>\n","protected":false},"author":4,"featured_media":63881,"comment_status":"open","ping_status":"closed","sticky":false,"template":"","format":"standard","meta":{"om_disable_all_campaigns":false,"_jetpack_memberships_contains_paid_content":false,"footnotes":""},"categories":[621],"tags":[],"class_list":["post-63880","post","type-post","status-publish","format-standard","has-post-thumbnail","hentry","category-regionales"],"aioseo_notices":[],"gutentor_comment":0,"jetpack_featured_media_url":"https:\/\/eldiariodesanpedro.com.ar\/sitio\/wp-content\/uploads\/2019\/11\/5cffe0b232f8f.jpg","jetpack_shortlink":"https:\/\/wp.me\/p6RhLt-gCk","jetpack_sharing_enabled":true,"_links":{"self":[{"href":"https:\/\/eldiariodesanpedro.com.ar\/sitio\/wp-json\/wp\/v2\/posts\/63880","targetHints":{"allow":["GET"]}}],"collection":[{"href":"https:\/\/eldiariodesanpedro.com.ar\/sitio\/wp-json\/wp\/v2\/posts"}],"about":[{"href":"https:\/\/eldiariodesanpedro.com.ar\/sitio\/wp-json\/wp\/v2\/types\/post"}],"author":[{"embeddable":true,"href":"https:\/\/eldiariodesanpedro.com.ar\/sitio\/wp-json\/wp\/v2\/users\/4"}],"replies":[{"embeddable":true,"href":"https:\/\/eldiariodesanpedro.com.ar\/sitio\/wp-json\/wp\/v2\/comments?post=63880"}],"version-history":[{"count":1,"href":"https:\/\/eldiariodesanpedro.com.ar\/sitio\/wp-json\/wp\/v2\/posts\/63880\/revisions"}],"predecessor-version":[{"id":63882,"href":"https:\/\/eldiariodesanpedro.com.ar\/sitio\/wp-json\/wp\/v2\/posts\/63880\/revisions\/63882"}],"wp:featuredmedia":[{"embeddable":true,"href":"https:\/\/eldiariodesanpedro.com.ar\/sitio\/wp-json\/wp\/v2\/media\/63881"}],"wp:attachment":[{"href":"https:\/\/eldiariodesanpedro.com.ar\/sitio\/wp-json\/wp\/v2\/media?parent=63880"}],"wp:term":[{"taxonomy":"category","embeddable":true,"href":"https:\/\/eldiariodesanpedro.com.ar\/sitio\/wp-json\/wp\/v2\/categories?post=63880"},{"taxonomy":"post_tag","embeddable":true,"href":"https:\/\/eldiariodesanpedro.com.ar\/sitio\/wp-json\/wp\/v2\/tags?post=63880"}],"curies":[{"name":"wp","href":"https:\/\/api.w.org\/{rel}","templated":true}]}}