{"id":63877,"date":"2019-11-12T11:38:52","date_gmt":"2019-11-12T14:38:52","guid":{"rendered":"https:\/\/eldiariodesanpedro.com.ar\/sitio\/?p=63877"},"modified":"2019-11-12T11:38:56","modified_gmt":"2019-11-12T14:38:56","slug":"campana-reclaman-por-una-nena-abandonada","status":"publish","type":"post","link":"https:\/\/eldiariodesanpedro.com.ar\/sitio\/campana-reclaman-por-una-nena-abandonada\/","title":{"rendered":"CAMPANA | Reclaman por una nena abandonada"},"content":{"rendered":"<!-- VideographyWP Plugin Message: Automatic video embedding prevented by plugin options. -->\n\n<p> Su t\u00eda Micaela tiene la tenencia de la menor y lucha para continuar viviendo con ella. La madre, oriunda de Florencio Varela, la hab\u00eda abandonado al nacer, y ahora realiz\u00f3 un pedido formal ante la Justicia reclamando por un hija.\u00a0\u201cDice que tuvo un parto traum\u00e1tico en su momento y por eso la abandon\u00f3\u201d, manifest\u00f3 Micaela ante\u00a0<strong>CampanaNoticias.<\/strong><\/p>\n\n\n\n<p>\n\nA Micaela, la t\u00eda de la beba que hab\u00eda sido abandonada en un Hospital de Florencio Varela, le hab\u00edan concedieron la guarda pero ahora lucha por la tenencia de su sobrina.<\/p>\n\n\n\n<p>El caso se hizo conocido en nuestra ciudad, ya que la joven a cargo de la menor pidi\u00f3 ayuda. E incluso, una vecina la ayud\u00f3 a cuidarla mientras la peque\u00f1a estuvo internada en el hospital local, donde ingres\u00f3 desnutrida, con piojos y hasta sarna, aseguraron fuentes del caso.<\/p>\n\n\n\n<p>Pero luego de un tiempo, la mam\u00e1 biol\u00f3gica realiz\u00f3 un pedido formal para que le restituyan a la menor, de nombre Sara. La Justicia est\u00e1 interviniendo en el caso, aunque Micaela est\u00e1 luchando para que su sobrina se quede en Campana.<\/p>\n\n\n\n<p>\u201cYo no tengo problemas de que la mam\u00e1 venga a visitarla, salgan a pasear o jueguen, lo \u00fanico que pido es que no la lleven nuevamente a Florencio Varela donde la pas\u00f3 muy mal\u201d, describi\u00f3 Micaela ante CampanaNoticias.<\/p>\n\n\n\n<p>Adem\u00e1s Micaela dio a conocer los argumentos que alega la madre para volver a tener la tenencia de su hija: \u201cElla tuvo otra nena y ahora reclama a su hija. Seg\u00fan me informaron ella sostiene que tuvo un parto traum\u00e1tico en su momento y por eso la abandon\u00f3. No hab\u00eda dado cuenta que hab\u00eda tenido una hija\u201d.<\/p>\n\n\n\n<p>Micaela tambi\u00e9n agreg\u00f3 que el pedido surgi\u00f3 a ra\u00edz de que inici\u00f3 \u201clos tr\u00e1mites para tutela legal y pedir la nulidad de la madre\u201d.<\/p>\n\n\n\n<p>Hasta el momento la menor se encuentra viviendo en Campana junto a Micaela, su t\u00eda. Sin embargo, el futuro de la nena es incierto y ahora est\u00e1 en manos de la Justicia. <\/p>\n\n\n\n<p>Fuente: Campana Noticias<\/p>\n","protected":false},"excerpt":{"rendered":"<p>Su t\u00eda Micaela tiene la tenencia de la menor y lucha para continuar viviendo con ella. La madre, oriunda de Florencio Varela, la hab\u00eda abandonado al nacer, y ahora realiz\u00f3 un pedido formal ante la Justicia reclamando por un hija.\u00a0\u201cDice que tuvo un parto traum\u00e1tico en su momento y por eso la abandon\u00f3\u201d, manifest\u00f3 Micaela [&hellip;]<\/p>\n","protected":false},"author":4,"featured_media":63878,"comment_status":"open","ping_status":"closed","sticky":false,"template":"","format":"standard","meta":{"om_disable_all_campaigns":false,"_jetpack_memberships_contains_paid_content":false,"footnotes":""},"categories":[621],"tags":[],"class_list":["post-63877","post","type-post","status-publish","format-standard","has-post-thumbnail","hentry","category-regionales"],"aioseo_notices":[],"gutentor_comment":0,"jetpack_featured_media_url":"https:\/\/eldiariodesanpedro.com.ar\/sitio\/wp-content\/uploads\/2019\/11\/20191112101655.jpg","jetpack_shortlink":"https:\/\/wp.me\/p6RhLt-gCh","jetpack_sharing_enabled":true,"_links":{"self":[{"href":"https:\/\/eldiariodesanpedro.com.ar\/sitio\/wp-json\/wp\/v2\/posts\/63877","targetHints":{"allow":["GET"]}}],"collection":[{"href":"https:\/\/eldiariodesanpedro.com.ar\/sitio\/wp-json\/wp\/v2\/posts"}],"about":[{"href":"https:\/\/eldiariodesanpedro.com.ar\/sitio\/wp-json\/wp\/v2\/types\/post"}],"author":[{"embeddable":true,"href":"https:\/\/eldiariodesanpedro.com.ar\/sitio\/wp-json\/wp\/v2\/users\/4"}],"replies":[{"embeddable":true,"href":"https:\/\/eldiariodesanpedro.com.ar\/sitio\/wp-json\/wp\/v2\/comments?post=63877"}],"version-history":[{"count":1,"href":"https:\/\/eldiariodesanpedro.com.ar\/sitio\/wp-json\/wp\/v2\/posts\/63877\/revisions"}],"predecessor-version":[{"id":63879,"href":"https:\/\/eldiariodesanpedro.com.ar\/sitio\/wp-json\/wp\/v2\/posts\/63877\/revisions\/63879"}],"wp:featuredmedia":[{"embeddable":true,"href":"https:\/\/eldiariodesanpedro.com.ar\/sitio\/wp-json\/wp\/v2\/media\/63878"}],"wp:attachment":[{"href":"https:\/\/eldiariodesanpedro.com.ar\/sitio\/wp-json\/wp\/v2\/media?parent=63877"}],"wp:term":[{"taxonomy":"category","embeddable":true,"href":"https:\/\/eldiariodesanpedro.com.ar\/sitio\/wp-json\/wp\/v2\/categories?post=63877"},{"taxonomy":"post_tag","embeddable":true,"href":"https:\/\/eldiariodesanpedro.com.ar\/sitio\/wp-json\/wp\/v2\/tags?post=63877"}],"curies":[{"name":"wp","href":"https:\/\/api.w.org\/{rel}","templated":true}]}}