{"id":63874,"date":"2019-11-12T11:36:19","date_gmt":"2019-11-12T14:36:19","guid":{"rendered":"https:\/\/eldiariodesanpedro.com.ar\/sitio\/?p=63874"},"modified":"2019-11-12T11:36:23","modified_gmt":"2019-11-12T14:36:23","slug":"zarate-trabajadores-suspendidos-se-manifiestan-en-el-acceso-al-complejo-nuclear-atucha-en-lima","status":"publish","type":"post","link":"https:\/\/eldiariodesanpedro.com.ar\/sitio\/zarate-trabajadores-suspendidos-se-manifiestan-en-el-acceso-al-complejo-nuclear-atucha-en-lima\/","title":{"rendered":"Z\u00c1RATE | Trabajadores suspendidos se manifiestan en el acceso al Complejo Nuclear Atucha en Lima"},"content":{"rendered":"<!-- VideographyWP Plugin Message: Automatic video embedding prevented by plugin options. -->\n\n<p>Desde las 06:00 un nutrido grupo de trabajadores nucleados en Uocra se manifiestan en la rotonda de acceso al Complejo Nuclear Atucha en Lima.<\/p>\n\n\n\n<p>El motivo de la protesta tiene que ver con las masivas suspensiones registradas en la construcci\u00f3n del reactor Carem 25 ordenado por la empresa Techint.<\/p>\n\n\n\n<p>Al respecto el Secretario General de Uocra seccional Z\u00e1rate, Julio Gonz\u00e1lez manifest\u00f3&nbsp;\u201ctenemos que forzar al Ministerio de Trabajo a que dicte la conciliaci\u00f3n obligatoria sino nos van a dar vueltas y los trabajadores ya recibieron los telegramas; esa es la \u00fanica manera de lograr que se haga la audiencia y se pueda dictar la conciliaci\u00f3n obligatoria para que ingresen a la obra\u201d.<\/p>\n\n\n\n<p>Para finalizar Gonz\u00e1lez evalu\u00f3 desde su punto de vista que la empresa Techint \u201cquiere negociar con el gobierno que viene pero con la obra parada, nosotros le decimos que negocie con el gobierno que viene, pero con la obra en marcha\u201d.<\/p>\n\n\n\n<p>Fuente: Impacto Local<\/p>\n","protected":false},"excerpt":{"rendered":"<p>Desde las 06:00 un nutrido grupo de trabajadores nucleados en Uocra se manifiestan en la rotonda de acceso al Complejo Nuclear Atucha en Lima. El motivo de la protesta tiene que ver con las masivas suspensiones registradas en la construcci\u00f3n del reactor Carem 25 ordenado por la empresa Techint. Al respecto el Secretario General de [&hellip;]<\/p>\n","protected":false},"author":4,"featured_media":63875,"comment_status":"open","ping_status":"closed","sticky":false,"template":"","format":"standard","meta":{"om_disable_all_campaigns":false,"_jetpack_memberships_contains_paid_content":false,"footnotes":""},"categories":[621],"tags":[],"class_list":["post-63874","post","type-post","status-publish","format-standard","has-post-thumbnail","hentry","category-regionales"],"aioseo_notices":[],"gutentor_comment":0,"jetpack_featured_media_url":"https:\/\/eldiariodesanpedro.com.ar\/sitio\/wp-content\/uploads\/2019\/11\/uocra-proteasta-2.jpeg","jetpack_shortlink":"https:\/\/wp.me\/p6RhLt-gCe","jetpack_sharing_enabled":true,"_links":{"self":[{"href":"https:\/\/eldiariodesanpedro.com.ar\/sitio\/wp-json\/wp\/v2\/posts\/63874","targetHints":{"allow":["GET"]}}],"collection":[{"href":"https:\/\/eldiariodesanpedro.com.ar\/sitio\/wp-json\/wp\/v2\/posts"}],"about":[{"href":"https:\/\/eldiariodesanpedro.com.ar\/sitio\/wp-json\/wp\/v2\/types\/post"}],"author":[{"embeddable":true,"href":"https:\/\/eldiariodesanpedro.com.ar\/sitio\/wp-json\/wp\/v2\/users\/4"}],"replies":[{"embeddable":true,"href":"https:\/\/eldiariodesanpedro.com.ar\/sitio\/wp-json\/wp\/v2\/comments?post=63874"}],"version-history":[{"count":1,"href":"https:\/\/eldiariodesanpedro.com.ar\/sitio\/wp-json\/wp\/v2\/posts\/63874\/revisions"}],"predecessor-version":[{"id":63876,"href":"https:\/\/eldiariodesanpedro.com.ar\/sitio\/wp-json\/wp\/v2\/posts\/63874\/revisions\/63876"}],"wp:featuredmedia":[{"embeddable":true,"href":"https:\/\/eldiariodesanpedro.com.ar\/sitio\/wp-json\/wp\/v2\/media\/63875"}],"wp:attachment":[{"href":"https:\/\/eldiariodesanpedro.com.ar\/sitio\/wp-json\/wp\/v2\/media?parent=63874"}],"wp:term":[{"taxonomy":"category","embeddable":true,"href":"https:\/\/eldiariodesanpedro.com.ar\/sitio\/wp-json\/wp\/v2\/categories?post=63874"},{"taxonomy":"post_tag","embeddable":true,"href":"https:\/\/eldiariodesanpedro.com.ar\/sitio\/wp-json\/wp\/v2\/tags?post=63874"}],"curies":[{"name":"wp","href":"https:\/\/api.w.org\/{rel}","templated":true}]}}