{"id":63871,"date":"2019-11-12T11:34:50","date_gmt":"2019-11-12T14:34:50","guid":{"rendered":"https:\/\/eldiariodesanpedro.com.ar\/sitio\/?p=63871"},"modified":"2019-11-12T11:34:54","modified_gmt":"2019-11-12T14:34:54","slug":"se-acabo-la-promocion-de-descuentos-de-banco-provincia-en-supermercados","status":"publish","type":"post","link":"https:\/\/eldiariodesanpedro.com.ar\/sitio\/se-acabo-la-promocion-de-descuentos-de-banco-provincia-en-supermercados\/","title":{"rendered":"Se acab\u00f3 la promoci\u00f3n de descuentos de Banco Provincia en supermercados"},"content":{"rendered":"<!-- VideographyWP Plugin Message: Automatic video embedding prevented by plugin options. -->\n\n<h4 class=\"wp-block-heading\"><strong>Pasaron las elecciones y los usuarios de tarjetas de d\u00e9bito y cr\u00e9dito ya no se beneficiar\u00e1n con los descuentos del 50% en los dos \u00faltimos mi\u00e9rcoles de cada mes.<\/strong><\/h4>\n\n\n\n<p>Ya es informaci\u00f3n: la promoci\u00f3n \u201cS\u00faper Ahorro\u201d, con descuentos del 50% en supermercados a los usuarios de tarjetas del Banco Provincia, no existe m\u00e1s.&nbsp; El inicio de la transici\u00f3n en el Gobierno bonaerense y la exposici\u00f3n de la cr\u00edtica situaci\u00f3n que atraviesan las finanzas de la administraci\u00f3n p\u00fablica provincial y su banca hicieron que Mar\u00eda Eugenia Vidal no lo renueve en noviembre.<\/p>\n\n\n\n<p>Es que el programa de reintegros con tope de hasta 2 mil pesos durante el tercer y cuarto mi\u00e9rcoles de cada mes estaba aprobado hasta octubre y su extensi\u00f3n por un mes m\u00e1s no cuenta con el respaldo de la Gobernadora.<\/p>\n\n\n\n<p>El inicio de la transici\u00f3n entre Vidal y Axel Kicillof puso el foco en las deterioradas cuentas de la administraci\u00f3n bonaerense y su banco p\u00fablico. D\u00edas antes de las elecciones, la gobernadora dispuso un refinanciamiento forzoso por 12 meses de un bono por 4 mil millones de pesos con el Bapro, perjudicando las cuentas de la entidad. El costo anual del \u201cs\u00faper ahorro\u201d ronda los 5 mil millones de pesos.<\/p>\n\n\n\n<p>Durante la gesti\u00f3n Vidal, en la temporada veraniega la promo se trasladaba en forma exclusiva a las localidades de la Costa. Con la llegada de Kicillof a la Gobernaci\u00f3n se esperan otro tipo de pol\u00edticas para fomentar el consumo pero tambi\u00e9n la producci\u00f3n.<\/p>\n\n\n\n<p>Esta promoci\u00f3n fue utilizada masivamente por los clientes del Banco Provincia, principalmente por los estatales y docentes que, en los \u00faltimos a\u00f1os, sufrieron una gran ca\u00edda de su poder adquisitivo. Los comerciantes medianos y peque\u00f1os criticaron la medida por considerar que fomentaba la concentraci\u00f3n del consumo en las grandes cadenas.<\/p>\n","protected":false},"excerpt":{"rendered":"<p>Pasaron las elecciones y los usuarios de tarjetas de d\u00e9bito y cr\u00e9dito ya no se beneficiar\u00e1n con los descuentos del 50% en los dos \u00faltimos mi\u00e9rcoles de cada mes. Ya es informaci\u00f3n: la promoci\u00f3n \u201cS\u00faper Ahorro\u201d, con descuentos del 50% en supermercados a los usuarios de tarjetas del Banco Provincia, no existe m\u00e1s.&nbsp; El inicio [&hellip;]<\/p>\n","protected":false},"author":4,"featured_media":63872,"comment_status":"open","ping_status":"closed","sticky":false,"template":"","format":"standard","meta":{"om_disable_all_campaigns":false,"_jetpack_memberships_contains_paid_content":false,"footnotes":""},"categories":[101,2],"tags":[],"class_list":["post-63871","post","type-post","status-publish","format-standard","has-post-thumbnail","hentry","category-interes-general-locales","category-locales"],"aioseo_notices":[],"gutentor_comment":0,"jetpack_featured_media_url":"https:\/\/eldiariodesanpedro.com.ar\/sitio\/wp-content\/uploads\/2019\/11\/Supermercado-inflacion-695x510.jpg","jetpack_shortlink":"https:\/\/wp.me\/p6RhLt-gCb","jetpack_sharing_enabled":true,"_links":{"self":[{"href":"https:\/\/eldiariodesanpedro.com.ar\/sitio\/wp-json\/wp\/v2\/posts\/63871","targetHints":{"allow":["GET"]}}],"collection":[{"href":"https:\/\/eldiariodesanpedro.com.ar\/sitio\/wp-json\/wp\/v2\/posts"}],"about":[{"href":"https:\/\/eldiariodesanpedro.com.ar\/sitio\/wp-json\/wp\/v2\/types\/post"}],"author":[{"embeddable":true,"href":"https:\/\/eldiariodesanpedro.com.ar\/sitio\/wp-json\/wp\/v2\/users\/4"}],"replies":[{"embeddable":true,"href":"https:\/\/eldiariodesanpedro.com.ar\/sitio\/wp-json\/wp\/v2\/comments?post=63871"}],"version-history":[{"count":1,"href":"https:\/\/eldiariodesanpedro.com.ar\/sitio\/wp-json\/wp\/v2\/posts\/63871\/revisions"}],"predecessor-version":[{"id":63873,"href":"https:\/\/eldiariodesanpedro.com.ar\/sitio\/wp-json\/wp\/v2\/posts\/63871\/revisions\/63873"}],"wp:featuredmedia":[{"embeddable":true,"href":"https:\/\/eldiariodesanpedro.com.ar\/sitio\/wp-json\/wp\/v2\/media\/63872"}],"wp:attachment":[{"href":"https:\/\/eldiariodesanpedro.com.ar\/sitio\/wp-json\/wp\/v2\/media?parent=63871"}],"wp:term":[{"taxonomy":"category","embeddable":true,"href":"https:\/\/eldiariodesanpedro.com.ar\/sitio\/wp-json\/wp\/v2\/categories?post=63871"},{"taxonomy":"post_tag","embeddable":true,"href":"https:\/\/eldiariodesanpedro.com.ar\/sitio\/wp-json\/wp\/v2\/tags?post=63871"}],"curies":[{"name":"wp","href":"https:\/\/api.w.org\/{rel}","templated":true}]}}