{"id":63868,"date":"2019-11-12T11:21:00","date_gmt":"2019-11-12T14:21:00","guid":{"rendered":"https:\/\/eldiariodesanpedro.com.ar\/sitio\/?p=63868"},"modified":"2019-11-12T11:22:28","modified_gmt":"2019-11-12T14:22:28","slug":"el-acusado-de-asesinar-a-daiana-almeida-quedo-alojado-en-la-comisaria-de-san-pedro","status":"publish","type":"post","link":"https:\/\/eldiariodesanpedro.com.ar\/sitio\/el-acusado-de-asesinar-a-daiana-almeida-quedo-alojado-en-la-comisaria-de-san-pedro\/","title":{"rendered":"El acusado de asesinar a Daiana Almeida qued\u00f3 alojado en la Comisar\u00eda de San Pedro"},"content":{"rendered":"<!-- VideographyWP Plugin Message: Automatic video embedding prevented by plugin options. -->\n\n<p>Miguel \u00c1ngel Nieva (30), fue indagado por el delito de &#8216;privaci\u00f3n ileg\u00edtima de la libertad agravada, homicidio criminis causa, homicidio agravado por violencia de g\u00e9nero y abuso sexual seguido de muerte\u00bb pero se neg\u00f3 a declarar. Seguir\u00e1 preso en nuestra ciudad.<\/p>\n\n\n\n<p>iguel Angel Nievas se neg\u00f3 a declarar ante el Dr.&nbsp;Ariel&nbsp;Tempo y regres\u00f3 a la Comisar\u00eda de nuestra ciudad. El hombre de 30 a\u00f1os acusado de asesinar a&nbsp;Daiana&nbsp;Almeida&nbsp;el jueves pasado en San Nicol\u00e1s ya hab\u00eda sido remitido a la Comisar\u00eda San Pedro luego de que fuera capturado el viernes pasado.<\/p>\n\n\n\n<p>El lunes por la ma\u00f1ana Nievas fue llevado a la ciudad de San Nicol\u00e1s en donde deb\u00eda presentarse ante el fiscal Tempo para prestar declaraci\u00f3n pero&nbsp;ajust\u00e1ndose a las leyes que lo amparan se neg\u00f3 a declarar y fue tra\u00eddo otra vez&nbsp;a San Pedro. La causa fue caratulada como \u00abprivaci\u00f3n ileg\u00edtima de la libertad agravada, homicidio&nbsp;criminis&nbsp;causa, homicidio agravado por violencia de g\u00e9nero y abuso sexual seguido de muerte\u00bb.<\/p>\n\n\n\n<p>El fiscal&nbsp;Ariel&nbsp;Tempo habl\u00f3 en exclusiva con FM&nbsp;G\u00e9nesis y reconoci\u00f3 que \u201cFue un ataque sexual que no pudo consumar porque la v\u00edctima lleg\u00f3 a defenderse. En la autopsia se detectaron lesiones defensivas como cortes en los brazos y pelos propios en las manos\u201d. A la vez el Dr. Tempo asegur\u00f3 que no se hallaron lesiones en la zona vaginal.&nbsp;<\/p>\n\n\n\n<p>\u00abHay pruebas contundentes contra Nievas, como el reloj pulsera de la v\u00edctima y&nbsp;un pantal\u00f3n manchado con sangre que estaban en su casa, y algunas prendas de vestir quemadas en el fondo de la casa en la que viv\u00eda\u00bb, se\u00f1al\u00f3 Tempo.<\/p>\n\n\n\n<p>\u201cEl sospechoso tiene antecedentes por un homicidio con un modus&nbsp;operandi&nbsp;similar al que estoy investigando, cometido con un cuchillo, y tambi\u00e9n causas por abuso sexual\u201d, adelant\u00f3.<\/p>\n\n\n\n<p>Seg\u00fan se ha podido establecer todo indicar\u00eda que el acusado intercept\u00f3 a la mujer&nbsp;en la esquina de la casa y la llev\u00f3 privada de su libertad hasta un descampado en la zona del Entre en el norte de San Nicol\u00e1s. All\u00ed intent\u00f3 abusar de ella&nbsp;pero termin\u00f3 degoll\u00e1ndola.&nbsp;<\/p>\n\n\n\n<p>Fuente: San Pedro Informa Foto: El Territorio<\/p>\n","protected":false},"excerpt":{"rendered":"<p>Miguel \u00c1ngel Nieva (30), fue indagado por el delito de &#8216;privaci\u00f3n ileg\u00edtima de la libertad agravada, homicidio criminis causa, homicidio agravado por violencia de g\u00e9nero y abuso sexual seguido de muerte\u00bb pero se neg\u00f3 a declarar. Seguir\u00e1 preso en nuestra ciudad. iguel Angel Nievas se neg\u00f3 a declarar ante el Dr.&nbsp;Ariel&nbsp;Tempo y regres\u00f3 a la [&hellip;]<\/p>\n","protected":false},"author":4,"featured_media":63869,"comment_status":"open","ping_status":"closed","sticky":false,"template":"","format":"standard","meta":{"om_disable_all_campaigns":false,"_jetpack_memberships_contains_paid_content":false,"footnotes":""},"categories":[50,2,103],"tags":[],"class_list":["post-63868","post","type-post","status-publish","format-standard","has-post-thumbnail","hentry","category-destacadas","category-locales","category-policiales-locales"],"aioseo_notices":[],"gutentor_comment":0,"jetpack_featured_media_url":"https:\/\/eldiariodesanpedro.com.ar\/sitio\/wp-content\/uploads\/2019\/11\/000081070.jpg","jetpack_shortlink":"https:\/\/wp.me\/p6RhLt-gC8","jetpack_sharing_enabled":true,"_links":{"self":[{"href":"https:\/\/eldiariodesanpedro.com.ar\/sitio\/wp-json\/wp\/v2\/posts\/63868","targetHints":{"allow":["GET"]}}],"collection":[{"href":"https:\/\/eldiariodesanpedro.com.ar\/sitio\/wp-json\/wp\/v2\/posts"}],"about":[{"href":"https:\/\/eldiariodesanpedro.com.ar\/sitio\/wp-json\/wp\/v2\/types\/post"}],"author":[{"embeddable":true,"href":"https:\/\/eldiariodesanpedro.com.ar\/sitio\/wp-json\/wp\/v2\/users\/4"}],"replies":[{"embeddable":true,"href":"https:\/\/eldiariodesanpedro.com.ar\/sitio\/wp-json\/wp\/v2\/comments?post=63868"}],"version-history":[{"count":1,"href":"https:\/\/eldiariodesanpedro.com.ar\/sitio\/wp-json\/wp\/v2\/posts\/63868\/revisions"}],"predecessor-version":[{"id":63870,"href":"https:\/\/eldiariodesanpedro.com.ar\/sitio\/wp-json\/wp\/v2\/posts\/63868\/revisions\/63870"}],"wp:featuredmedia":[{"embeddable":true,"href":"https:\/\/eldiariodesanpedro.com.ar\/sitio\/wp-json\/wp\/v2\/media\/63869"}],"wp:attachment":[{"href":"https:\/\/eldiariodesanpedro.com.ar\/sitio\/wp-json\/wp\/v2\/media?parent=63868"}],"wp:term":[{"taxonomy":"category","embeddable":true,"href":"https:\/\/eldiariodesanpedro.com.ar\/sitio\/wp-json\/wp\/v2\/categories?post=63868"},{"taxonomy":"post_tag","embeddable":true,"href":"https:\/\/eldiariodesanpedro.com.ar\/sitio\/wp-json\/wp\/v2\/tags?post=63868"}],"curies":[{"name":"wp","href":"https:\/\/api.w.org\/{rel}","templated":true}]}}