{"id":63866,"date":"2019-11-12T11:01:20","date_gmt":"2019-11-12T14:01:20","guid":{"rendered":"https:\/\/eldiariodesanpedro.com.ar\/sitio\/?p=63866"},"modified":"2019-11-12T11:01:24","modified_gmt":"2019-11-12T14:01:24","slug":"homicido-lezcano-allanamiento-en-busca-de-armas-de-fuego","status":"publish","type":"post","link":"https:\/\/eldiariodesanpedro.com.ar\/sitio\/homicido-lezcano-allanamiento-en-busca-de-armas-de-fuego\/","title":{"rendered":"Homicido Lezcano: Allanamiento en busca de armas de fuego"},"content":{"rendered":"<!-- VideographyWP Plugin Message: Automatic video embedding prevented by plugin options. -->\n\n<p>En el marco de la causa por el homicidio de \u00d3scar Lezcano se realiz\u00f3 una diligencia de allanamiento secuestrando se un arma de fuego tipo tumbera.<br><br> Personal del gabinete criminologico realiz\u00f3 un allanamiento durante este lunes, tras testimonios obtenidos por el  hecho de HOMICIDIO, sucedido el 30 de octubre cuando   OSCAR GUILLERMO LEZCANO recibi\u00f3 un disparo en la cabeza provoc\u00e1ndole su muerte, con el \u00fanico imputado detenido ELIAS EZEQUIEL GONDA (20), se establecio lugar donde podr\u00edan ocultarse arma de fuego que llevaba la v\u00edctima antes de su muerte, retirada de la escena por otro sujeto masculino, en calle Saavedra s\/n de esta ciudad. <\/p>\n\n\n\n<p>Recibida orden all\u00e1namiento por justicia ordinaria, fue diligenciada por gabinete crimin\u00f3logico, secuestrose arma de fuego casera \u00abtumbera\u00bb.<\/p>\n\n\n\n<p> El mirador no se encontraba en la direccion.  Prosigue UFI 11<\/p>\n","protected":false},"excerpt":{"rendered":"<p>En el marco de la causa por el homicidio de \u00d3scar Lezcano se realiz\u00f3 una diligencia de allanamiento secuestrando se un arma de fuego tipo tumbera. Personal del gabinete criminologico realiz\u00f3 un allanamiento durante este lunes, tras testimonios obtenidos por el hecho de HOMICIDIO, sucedido el 30 de octubre cuando OSCAR GUILLERMO LEZCANO recibi\u00f3 un [&hellip;]<\/p>\n","protected":false},"author":4,"featured_media":63865,"comment_status":"open","ping_status":"closed","sticky":false,"template":"","format":"standard","meta":{"om_disable_all_campaigns":false,"_jetpack_memberships_contains_paid_content":false,"footnotes":""},"categories":[2,103],"tags":[],"class_list":["post-63866","post","type-post","status-publish","format-standard","has-post-thumbnail","hentry","category-locales","category-policiales-locales"],"aioseo_notices":[],"gutentor_comment":0,"jetpack_featured_media_url":"https:\/\/eldiariodesanpedro.com.ar\/sitio\/wp-content\/uploads\/2019\/11\/0_IMG-20191112-WA0007_watermark_mar._12112019_104401.jpg","jetpack_shortlink":"https:\/\/wp.me\/p6RhLt-gC6","jetpack_sharing_enabled":true,"_links":{"self":[{"href":"https:\/\/eldiariodesanpedro.com.ar\/sitio\/wp-json\/wp\/v2\/posts\/63866","targetHints":{"allow":["GET"]}}],"collection":[{"href":"https:\/\/eldiariodesanpedro.com.ar\/sitio\/wp-json\/wp\/v2\/posts"}],"about":[{"href":"https:\/\/eldiariodesanpedro.com.ar\/sitio\/wp-json\/wp\/v2\/types\/post"}],"author":[{"embeddable":true,"href":"https:\/\/eldiariodesanpedro.com.ar\/sitio\/wp-json\/wp\/v2\/users\/4"}],"replies":[{"embeddable":true,"href":"https:\/\/eldiariodesanpedro.com.ar\/sitio\/wp-json\/wp\/v2\/comments?post=63866"}],"version-history":[{"count":1,"href":"https:\/\/eldiariodesanpedro.com.ar\/sitio\/wp-json\/wp\/v2\/posts\/63866\/revisions"}],"predecessor-version":[{"id":63867,"href":"https:\/\/eldiariodesanpedro.com.ar\/sitio\/wp-json\/wp\/v2\/posts\/63866\/revisions\/63867"}],"wp:featuredmedia":[{"embeddable":true,"href":"https:\/\/eldiariodesanpedro.com.ar\/sitio\/wp-json\/wp\/v2\/media\/63865"}],"wp:attachment":[{"href":"https:\/\/eldiariodesanpedro.com.ar\/sitio\/wp-json\/wp\/v2\/media?parent=63866"}],"wp:term":[{"taxonomy":"category","embeddable":true,"href":"https:\/\/eldiariodesanpedro.com.ar\/sitio\/wp-json\/wp\/v2\/categories?post=63866"},{"taxonomy":"post_tag","embeddable":true,"href":"https:\/\/eldiariodesanpedro.com.ar\/sitio\/wp-json\/wp\/v2\/tags?post=63866"}],"curies":[{"name":"wp","href":"https:\/\/api.w.org\/{rel}","templated":true}]}}