{"id":63846,"date":"2019-11-11T18:44:56","date_gmt":"2019-11-11T21:44:56","guid":{"rendered":"https:\/\/eldiariodesanpedro.com.ar\/sitio\/?p=63846"},"modified":"2019-11-11T18:45:02","modified_gmt":"2019-11-11T21:45:02","slug":"se-escaparon-de-los-naranjos-y-robaron-en-una-despensa","status":"publish","type":"post","link":"https:\/\/eldiariodesanpedro.com.ar\/sitio\/se-escaparon-de-los-naranjos-y-robaron-en-una-despensa\/","title":{"rendered":"Se escaparon de Los Naranjos y robaron en una despensa"},"content":{"rendered":"<!-- VideographyWP Plugin Message: Automatic video embedding prevented by plugin options. -->\n\n<p>Cuatro masculinos menores de edad se fugaron de la comunidad Los Naranjos y sustrajeron cervezas de un comercio. Fueron aprehendidos por el mismo due\u00f1o.<\/p>\n\n\n\n<p>Sucedi\u00f3 por la noche del domingo, personal policial alertado por un comerciante quien corr\u00eda a cuatro masculinos que le sustrajeron de su despensa latas de cervezas.<\/p>\n\n\n\n<p>Finalmente fueron aprehendidos con intervenci\u00f3n de la UFI del Joven de San Nicolas.<\/p>\n\n\n\n<p>Tambi\u00e9n en calle Juan de Garay al 700 personal policial fue alertado por el hallazgo de una bicicleta que hab\u00eda sido sustra\u00edda el d\u00eda anterior.<\/p>\n","protected":false},"excerpt":{"rendered":"<p>Cuatro masculinos menores de edad se fugaron de la comunidad Los Naranjos y sustrajeron cervezas de un comercio. Fueron aprehendidos por el mismo due\u00f1o. Sucedi\u00f3 por la noche del domingo, personal policial alertado por un comerciante quien corr\u00eda a cuatro masculinos que le sustrajeron de su despensa latas de cervezas. Finalmente fueron aprehendidos con intervenci\u00f3n [&hellip;]<\/p>\n","protected":false},"author":4,"featured_media":62530,"comment_status":"open","ping_status":"closed","sticky":false,"template":"","format":"standard","meta":{"om_disable_all_campaigns":false,"_jetpack_memberships_contains_paid_content":false,"footnotes":""},"categories":[2,103],"tags":[],"class_list":["post-63846","post","type-post","status-publish","format-standard","has-post-thumbnail","hentry","category-locales","category-policiales-locales"],"aioseo_notices":[],"gutentor_comment":0,"jetpack_featured_media_url":"https:\/\/eldiariodesanpedro.com.ar\/sitio\/wp-content\/uploads\/2019\/10\/patrullero-policia_9.jpg","jetpack_shortlink":"https:\/\/wp.me\/p6RhLt-gBM","jetpack_sharing_enabled":true,"_links":{"self":[{"href":"https:\/\/eldiariodesanpedro.com.ar\/sitio\/wp-json\/wp\/v2\/posts\/63846","targetHints":{"allow":["GET"]}}],"collection":[{"href":"https:\/\/eldiariodesanpedro.com.ar\/sitio\/wp-json\/wp\/v2\/posts"}],"about":[{"href":"https:\/\/eldiariodesanpedro.com.ar\/sitio\/wp-json\/wp\/v2\/types\/post"}],"author":[{"embeddable":true,"href":"https:\/\/eldiariodesanpedro.com.ar\/sitio\/wp-json\/wp\/v2\/users\/4"}],"replies":[{"embeddable":true,"href":"https:\/\/eldiariodesanpedro.com.ar\/sitio\/wp-json\/wp\/v2\/comments?post=63846"}],"version-history":[{"count":1,"href":"https:\/\/eldiariodesanpedro.com.ar\/sitio\/wp-json\/wp\/v2\/posts\/63846\/revisions"}],"predecessor-version":[{"id":63847,"href":"https:\/\/eldiariodesanpedro.com.ar\/sitio\/wp-json\/wp\/v2\/posts\/63846\/revisions\/63847"}],"wp:featuredmedia":[{"embeddable":true,"href":"https:\/\/eldiariodesanpedro.com.ar\/sitio\/wp-json\/wp\/v2\/media\/62530"}],"wp:attachment":[{"href":"https:\/\/eldiariodesanpedro.com.ar\/sitio\/wp-json\/wp\/v2\/media?parent=63846"}],"wp:term":[{"taxonomy":"category","embeddable":true,"href":"https:\/\/eldiariodesanpedro.com.ar\/sitio\/wp-json\/wp\/v2\/categories?post=63846"},{"taxonomy":"post_tag","embeddable":true,"href":"https:\/\/eldiariodesanpedro.com.ar\/sitio\/wp-json\/wp\/v2\/tags?post=63846"}],"curies":[{"name":"wp","href":"https:\/\/api.w.org\/{rel}","templated":true}]}}